{"id":6884,"date":"2017-10-02T17:47:38","date_gmt":"2017-10-02T20:47:38","guid":{"rendered":"https:\/\/blogs.correiobraziliense.com.br\/servidor\/?p=6884"},"modified":"2017-10-02T17:47:38","modified_gmt":"2017-10-02T20:47:38","slug":"sindifisco-se-reune-com-dyogo-oliveira","status":"publish","type":"post","link":"https:\/\/blogs.correiobraziliense.com.br\/servidor\/sindifisco-se-reune-com-dyogo-oliveira\/","title":{"rendered":"Sindifisco se re\u00fane com Dyogo Oliveira"},"content":{"rendered":"<p>A presid\u00eancia do Sindifisco Nacional se reunir\u00e1, daqui a pouco, \u00e0s 18h, com o ministro do Planejamento, Dyogo Oliveira, e parte de sua equipe t\u00e9cnica. De acordo com a entidade, a campanha salarial da categoria e a moderniza\u00e7\u00e3o da gest\u00e3o e efici\u00eancia no servi\u00e7o p\u00fablico ser\u00e3o os temas em discuss\u00e3o<\/p>\n","protected":false},"excerpt":{"rendered":"<p>A presid\u00eancia do Sindifisco Nacional se reunir\u00e1, daqui a pouco, \u00e0s 18h, com o ministro do Planejamento, Dyogo Oliveira, e parte de sua equipe t\u00e9cnica. De acordo com a entidade, a campanha salarial da categoria e a moderniza\u00e7\u00e3o da gest\u00e3o e efici\u00eancia no servi\u00e7o p\u00fablico ser\u00e3o os temas em discuss\u00e3o<\/p>\n","protected":false},"author":27,"featured_media":0,"comment_status":"open","ping_status":"closed","sticky":false,"template":"","format":"standard","meta":{"footnotes":""},"categories":[2719],"tags":[305,2255,35,3,18,597],"class_list":["post-6884","post","type-post","status-publish","format-standard","hentry","category-servidor","tag-campanha","tag-dyogo-oliveira","tag-ministro","tag-planejamento","tag-salarial","tag-sindifisco"],"_links":{"self":[{"href":"https:\/\/blogs.correiobraziliense.com.br\/servidor\/wp-json\/wp\/v2\/posts\/6884","targetHints":{"allow":["GET"]}}],"collection":[{"href":"https:\/\/blogs.correiobraziliense.com.br\/servidor\/wp-json\/wp\/v2\/posts"}],"about":[{"href":"https:\/\/blogs.correiobraziliense.com.br\/servidor\/wp-json\/wp\/v2\/types\/post"}],"author":[{"embeddable":true,"href":"https:\/\/blogs.correiobraziliense.com.br\/servidor\/wp-json\/wp\/v2\/users\/27"}],"replies":[{"embeddable":true,"href":"https:\/\/blogs.correiobraziliense.com.br\/servidor\/wp-json\/wp\/v2\/comments?post=6884"}],"version-history":[{"count":1,"href":"https:\/\/blogs.correiobraziliense.com.br\/servidor\/wp-json\/wp\/v2\/posts\/6884\/revisions"}],"predecessor-version":[{"id":6885,"href":"https:\/\/blogs.correiobraziliense.com.br\/servidor\/wp-json\/wp\/v2\/posts\/6884\/revisions\/6885"}],"wp:attachment":[{"href":"https:\/\/blogs.correiobraziliense.com.br\/servidor\/wp-json\/wp\/v2\/media?parent=6884"}],"wp:term":[{"taxonomy":"category","embeddable":true,"href":"https:\/\/blogs.correiobraziliense.com.br\/servidor\/wp-json\/wp\/v2\/categories?post=6884"},{"taxonomy":"post_tag","embeddable":true,"href":"https:\/\/blogs.correiobraziliense.com.br\/servidor\/wp-json\/wp\/v2\/tags?post=6884"}],"curies":[{"name":"wp","href":"https:\/\/api.w.org\/{rel}","templated":true}]}}