{"id":6878,"date":"2017-10-02T11:59:00","date_gmt":"2017-10-02T14:59:00","guid":{"rendered":"https:\/\/blogs.correiobraziliense.com.br\/servidor\/?p=6878"},"modified":"2017-10-02T11:59:00","modified_gmt":"2017-10-02T14:59:00","slug":"3-de-outubro-atos-em-defesa-das-empresas-estatais-dos-bancos-publicos-e-da-soberania-nacional","status":"publish","type":"post","link":"https:\/\/blogs.correiobraziliense.com.br\/servidor\/3-de-outubro-atos-em-defesa-das-empresas-estatais-dos-bancos-publicos-e-da-soberania-nacional\/","title":{"rendered":"3 de outubro &#8211; atos em defesa das empresas estatais, dos bancos p\u00fablicos e da soberania nacional"},"content":{"rendered":"<p><em>Amanh\u00e3, no Rio de Janeiro, diversas categorias preparam ampla mobiliza\u00e7\u00e3o contra a privatiza\u00e7\u00e3o e o sucateamento das empresas e dos servi\u00e7os p\u00fablicos brasileiros. Os protestos ser\u00e3o no centro da Cidade, \u00e0s 11h, em frente ao pr\u00e9dio da Eletrobras, na Avenida Presidente Vargas, no centro da cidade. Tamb\u00e9m haver\u00e1 manifesta\u00e7\u00f5es na passarela entre o BNDES e a Petrobras<\/em><\/p>\n<p>H\u00e1 64 anos, no dia 3 de outubro de 1953, o presidente Get\u00falio Vargas criou a Petrobras pel Lei 2004, que \u00a0institu\u00eda o monop\u00f3lio estatal da explora\u00e7\u00e3o, do refino e do transporte do petr\u00f3leo.<\/p>\n<p>De acordo com os organizadores, banc\u00e1rios, eletricistas, petroleiros e moedeiros s\u00e3o algumas das categorias que se reuniram contra a &#8220;entrega do patrim\u00f4nio p\u00fablico para empresas estrangeiras e em defesa da soberania nacional brasileira&#8221;. Al\u00e9m de Federa\u00e7\u00e3o \u00danica dos Petroleiros (FUB), Frente Brasil Popular, Movimento dos Atingidos por Barragens (MAB), Plataforma Oper\u00e1ria e Camponesa da Energia e Central \u00danica dos Trabalhadores (CUT).<\/p>\n<p>Em agosto passado, lembram os funcion\u00e1rios p\u00fablicos, o presidente Michel Temer anunciou a privatiza\u00e7\u00e3o de 57 empresas e projetos, incluindo a Casa da Moeda e aeroportos. Afirmam, ainda, que a Petrobras tamb\u00e9m \u00e9 alvo dessa pol\u00edtica. O governo colocou \u00e0 venda 90% da participa\u00e7\u00e3o da empresa na gest\u00e3o da Transportadora Associada de G\u00e1s. Segundo a FUP, o governo tamb\u00e9m est\u00e1 vendendo campos de pr\u00e9-sal a empresas estrangeiras a pre\u00e7os rebaixados.<\/p>\n","protected":false},"excerpt":{"rendered":"<p>Amanh\u00e3, no Rio de Janeiro, diversas categorias preparam ampla mobiliza\u00e7\u00e3o contra a privatiza\u00e7\u00e3o e o sucateamento das empresas e dos servi\u00e7os p\u00fablicos brasileiros. Os protestos ser\u00e3o no centro da Cidade, \u00e0s 11h, em frente ao pr\u00e9dio da Eletrobras, na Avenida Presidente Vargas, no centro da cidade. Tamb\u00e9m haver\u00e1 manifesta\u00e7\u00f5es na passarela entre o BNDES e a Petrobras H\u00e1 64 anos, [&hellip;]<\/p>\n","protected":false},"author":27,"featured_media":0,"comment_status":"open","ping_status":"closed","sticky":false,"template":"","format":"standard","meta":{"footnotes":""},"categories":[2719],"tags":[651,744,2739,1201,2651,390,9021,3705,9023,481,9024,70,9026,201,3901,1002,3911,1001,555,24,9025,754,1379,9022,7127,3714],"class_list":["post-6878","post","type-post","status-publish","format-standard","hentry","category-servidor","tag-atos","tag-bancos","tag-bndes","tag-defesa","tag-eletrobras","tag-empresas","tag-esatais","tag-exploracao","tag-getulio-vargas","tag-mobilizacao","tag-monopolio","tag-nacional","tag-p0olitica","tag-petrobras","tag-petroleo","tag-pre-sal","tag-precos","tag-privatizacao","tag-protestos","tag-publicos","tag-refino","tag-rio-de-janeiro","tag-servicos","tag-suberania","tag-sucateamento","tag-transporte"],"_links":{"self":[{"href":"https:\/\/blogs.correiobraziliense.com.br\/servidor\/wp-json\/wp\/v2\/posts\/6878","targetHints":{"allow":["GET"]}}],"collection":[{"href":"https:\/\/blogs.correiobraziliense.com.br\/servidor\/wp-json\/wp\/v2\/posts"}],"about":[{"href":"https:\/\/blogs.correiobraziliense.com.br\/servidor\/wp-json\/wp\/v2\/types\/post"}],"author":[{"embeddable":true,"href":"https:\/\/blogs.correiobraziliense.com.br\/servidor\/wp-json\/wp\/v2\/users\/27"}],"replies":[{"embeddable":true,"href":"https:\/\/blogs.correiobraziliense.com.br\/servidor\/wp-json\/wp\/v2\/comments?post=6878"}],"version-history":[{"count":1,"href":"https:\/\/blogs.correiobraziliense.com.br\/servidor\/wp-json\/wp\/v2\/posts\/6878\/revisions"}],"predecessor-version":[{"id":6879,"href":"https:\/\/blogs.correiobraziliense.com.br\/servidor\/wp-json\/wp\/v2\/posts\/6878\/revisions\/6879"}],"wp:attachment":[{"href":"https:\/\/blogs.correiobraziliense.com.br\/servidor\/wp-json\/wp\/v2\/media?parent=6878"}],"wp:term":[{"taxonomy":"category","embeddable":true,"href":"https:\/\/blogs.correiobraziliense.com.br\/servidor\/wp-json\/wp\/v2\/categories?post=6878"},{"taxonomy":"post_tag","embeddable":true,"href":"https:\/\/blogs.correiobraziliense.com.br\/servidor\/wp-json\/wp\/v2\/tags?post=6878"}],"curies":[{"name":"wp","href":"https:\/\/api.w.org\/{rel}","templated":true}]}}