{"id":6869,"date":"2017-09-29T12:41:22","date_gmt":"2017-09-29T15:41:22","guid":{"rendered":"https:\/\/blogs.correiobraziliense.com.br\/servidor\/?p=6869"},"modified":"2017-09-29T12:41:22","modified_gmt":"2017-09-29T15:41:22","slug":"correios-novo-mutirao-de-entrega-neste-fim-de-semana","status":"publish","type":"post","link":"https:\/\/blogs.correiobraziliense.com.br\/servidor\/correios-novo-mutirao-de-entrega-neste-fim-de-semana\/","title":{"rendered":"Correios &#8211; novo mutir\u00e3o de entrega neste fim de semana"},"content":{"rendered":"<p><em>Nestes s\u00e1bado e domingo (30 de setembro e 1\u00ba de outubro), os Correios far\u00e3o, novamente, mutir\u00f5es para colocar em dia a carga de objetos postais. Hoje (29), 84,42% dos empregados em todo o pa\u00eds (91.651) est\u00e3o trabalhando normalmente, informa a empresa.<\/em><\/p>\n<p>De acordo com a estatal, em todo o pa\u00eds, a rede de atendimento est\u00e1 aberta e todos os servi\u00e7os, inclusive o Sedex e o PAC, continuam dispon\u00edveis. Apenas os servi\u00e7os com hora marcada (Sedex 10, Sedex 12, Sedex Hoje, Disque Coleta e Log\u00edstica Reversa Domicili\u00e1ria) est\u00e3o suspensos.<\/p>\n<p>&#8220;Nesta quinta-feira (28), o Tribunal Superior do Trabalho determinou, em decis\u00e3o liminar, que a greve dos trabalhadores dos Correios \u00e9 abusiva. Diante disso, os Correios aguardam o retorno dos empregados aos seus postos de trabalho e adotar\u00e3o as provid\u00eancias necess\u00e1rias para ingressar com diss\u00eddio coletivo no TST&#8221;.<\/p>\n<p><strong>Hist\u00f3rico da paralisa\u00e7\u00e3o<\/strong><\/p>\n<p>No \u00faltimo dia 22, os Correios e a Federa\u00e7\u00e3o Interestadual dos Sindicatos dos Trabalhadores e Trabalhadoras dos Correios (Findect) chegaram a uma proposta de Acordo Coletivo de Trabalho para o bi\u00eanio 2017\/2018, que contemplava reajuste de 3% nos sal\u00e1rios e benef\u00edcios a partir do m\u00eas de janeiro de 2018 e manuten\u00e7\u00e3o do ACT 2016\/2017, narra a nota da empresa. No entanto, na \u00faltima ter\u00e7a-feira (26), trabalhadores ligados a essa federa\u00e7\u00e3o decidiram aderir \u00e0 paralisa\u00e7\u00e3o que j\u00e1 havia sido iniciada por outros sindicatos.<\/p>\n<p>A Federa\u00e7\u00e3o Nacional dos Trabalhadores em Empresas de Correios e Tel\u00e9grafos e Similares (Fentect) iniciou a paralisa\u00e7\u00e3o nas suas bases sindicais no dia 19, antes do fim das negocia\u00e7\u00f5es.<\/p>\n","protected":false},"excerpt":{"rendered":"<p>Nestes s\u00e1bado e domingo (30 de setembro e 1\u00ba de outubro), os Correios far\u00e3o, novamente, mutir\u00f5es para colocar em dia a carga de objetos postais. Hoje (29), 84,42% dos empregados em todo o pa\u00eds (91.651) est\u00e3o trabalhando normalmente, informa a empresa. De acordo com a estatal, em todo o pa\u00eds, a rede de atendimento est\u00e1 aberta e todos os servi\u00e7os, [&hellip;]<\/p>\n","protected":false},"author":27,"featured_media":0,"comment_status":"open","ping_status":"closed","sticky":false,"template":"","format":"standard","meta":{"footnotes":""},"categories":[2719],"tags":[1188,551,7630,5820,4762,891,1273,6196,9003,8834,15,617,9004,491,506,5962,16,9002,6219,503],"class_list":["post-6869","post","type-post","status-publish","format-standard","hentry","category-servidor","tag-abusiva","tag-atendimento","tag-carga","tag-correio","tag-dissidio","tag-empregados","tag-entrega","tag-fentect","tag-fim-de-semana","tag-findect","tag-greve","tag-liminar","tag-objetos","tag-pac","tag-paralisacao","tag-postais","tag-retorno","tag-s-mutirao","tag-sedex","tag-tst"],"_links":{"self":[{"href":"https:\/\/blogs.correiobraziliense.com.br\/servidor\/wp-json\/wp\/v2\/posts\/6869","targetHints":{"allow":["GET"]}}],"collection":[{"href":"https:\/\/blogs.correiobraziliense.com.br\/servidor\/wp-json\/wp\/v2\/posts"}],"about":[{"href":"https:\/\/blogs.correiobraziliense.com.br\/servidor\/wp-json\/wp\/v2\/types\/post"}],"author":[{"embeddable":true,"href":"https:\/\/blogs.correiobraziliense.com.br\/servidor\/wp-json\/wp\/v2\/users\/27"}],"replies":[{"embeddable":true,"href":"https:\/\/blogs.correiobraziliense.com.br\/servidor\/wp-json\/wp\/v2\/comments?post=6869"}],"version-history":[{"count":1,"href":"https:\/\/blogs.correiobraziliense.com.br\/servidor\/wp-json\/wp\/v2\/posts\/6869\/revisions"}],"predecessor-version":[{"id":6870,"href":"https:\/\/blogs.correiobraziliense.com.br\/servidor\/wp-json\/wp\/v2\/posts\/6869\/revisions\/6870"}],"wp:attachment":[{"href":"https:\/\/blogs.correiobraziliense.com.br\/servidor\/wp-json\/wp\/v2\/media?parent=6869"}],"wp:term":[{"taxonomy":"category","embeddable":true,"href":"https:\/\/blogs.correiobraziliense.com.br\/servidor\/wp-json\/wp\/v2\/categories?post=6869"},{"taxonomy":"post_tag","embeddable":true,"href":"https:\/\/blogs.correiobraziliense.com.br\/servidor\/wp-json\/wp\/v2\/tags?post=6869"}],"curies":[{"name":"wp","href":"https:\/\/api.w.org\/{rel}","templated":true}]}}