{"id":6867,"date":"2017-09-29T12:36:51","date_gmt":"2017-09-29T15:36:51","guid":{"rendered":"https:\/\/blogs.correiobraziliense.com.br\/servidor\/?p=6867"},"modified":"2017-09-29T12:36:51","modified_gmt":"2017-09-29T15:36:51","slug":"receita-federal-atualiza-cpf-de-pessoas-falecidas","status":"publish","type":"post","link":"https:\/\/blogs.correiobraziliense.com.br\/servidor\/receita-federal-atualiza-cpf-de-pessoas-falecidas\/","title":{"rendered":"Receita Federal atualiza CPF de pessoas falecidas"},"content":{"rendered":"<p><em>A\u00a0 Receita Federal informa que vai atualizar o Cadastro de Pessoas F\u00edsicas\u00a0 (CPF)\u00a0 de\u00a0 pessoas\u00a0 falecidas,\u00a0 com o objetivo de &#8220;aumentar\u00a0 a transpar\u00eancia para a sociedade\u00a0 em\u00a0 geral\u00a0 sobre\u00a0 a\u00a0 real\u00a0 situa\u00e7\u00e3o\u00a0 do\u00a0 contribuinte,\u00a0 bem como ampliar a seguran\u00e7a jur\u00eddica&#8221;<\/em><\/p>\n<p>Foi publicada no DOU, de 29\/9\/2017, a Instru\u00e7\u00e3o Normativa RFB n\u00ba 1.746\/2017 atualizando\u00a0 a\u00a0 Instru\u00e7\u00e3o\u00a0 Normativa\u00a0 RFB\u00a0 n\u00ba 1.548\/2015 que disp\u00f5e sobre o Cadastro de Pessoas F\u00edsicas (CPF).<\/p>\n<p>A\u00a0 consulta\u00a0 \u00e0\u00a0 base\u00a0 de \u00f3bitos da Associa\u00e7\u00e3o Nacional dos Registradores de Pessoas\u00a0 Naturais\u00a0 do\u00a0 Brasil (Arpen\/Brasil) ser\u00e1 realizada diariamente. Os CPFs\u00a0 que\u00a0 estiverem\u00a0 com\u00a0 ano\u00a0 de\u00a0 \u00f3bito\u00a0 informado na base de dados e que estiverem\u00a0 em\u00a0 situa\u00e7\u00e3o\u00a0 cadastral\u00a0 Regular,\u00a0 Pendente\u00a0 de\u00a0 Regulariza\u00e7\u00e3o e Suspensa passar\u00e3o \u00e0 situa\u00e7\u00e3o cadastral \u201cTitular Falecido\u201d.<\/p>\n<p>&#8220;A\u00a0 nova sistem\u00e1tica aumenta a transpar\u00eancia para a sociedade em geral sobre a\u00a0 real situa\u00e7\u00e3o do contribuinte, bem como amplia a seguran\u00e7a jur\u00eddica, uma vez\u00a0 que\u00a0 haver\u00e1 tratamento padr\u00e3o para os casos de CPFs de falecidos. Al\u00e9m disso, a implementa\u00e7\u00e3o inibe a fraude com CPF de pessoas falecidas&#8221;, assinala o \u00f3rg\u00e3o.<\/p>\n","protected":false},"excerpt":{"rendered":"<p>A\u00a0 Receita Federal informa que vai atualizar o Cadastro de Pessoas F\u00edsicas\u00a0 (CPF)\u00a0 de\u00a0 pessoas\u00a0 falecidas,\u00a0 com o objetivo de &#8220;aumentar\u00a0 a transpar\u00eancia para a sociedade\u00a0 em\u00a0 geral\u00a0 sobre\u00a0 a\u00a0 real\u00a0 situa\u00e7\u00e3o\u00a0 do\u00a0 contribuinte,\u00a0 bem como ampliar a seguran\u00e7a jur\u00eddica&#8221; Foi publicada no DOU, de 29\/9\/2017, a Instru\u00e7\u00e3o Normativa RFB n\u00ba 1.746\/2017 atualizando\u00a0 a\u00a0 Instru\u00e7\u00e3o\u00a0 Normativa\u00a0 RFB\u00a0 n\u00ba 1.548\/2015 que [&hellip;]<\/p>\n","protected":false},"author":27,"featured_media":0,"comment_status":"open","ping_status":"closed","sticky":false,"template":"","format":"standard","meta":{"footnotes":""},"categories":[2719],"tags":[9000,356,144,167,1769,7643,8999,2890,9001,294,627,208,168],"class_list":["post-6867","post","type-post","status-publish","format-standard","hentry","category-servidor","tag-arpenbrasil","tag-contribuinte","tag-cpf","tag-dados","tag-dou","tag-falecidos","tag-in","tag-juridica","tag-obito","tag-receita-federal","tag-regularizacao","tag-seguranca","tag-transparencia"],"_links":{"self":[{"href":"https:\/\/blogs.correiobraziliense.com.br\/servidor\/wp-json\/wp\/v2\/posts\/6867","targetHints":{"allow":["GET"]}}],"collection":[{"href":"https:\/\/blogs.correiobraziliense.com.br\/servidor\/wp-json\/wp\/v2\/posts"}],"about":[{"href":"https:\/\/blogs.correiobraziliense.com.br\/servidor\/wp-json\/wp\/v2\/types\/post"}],"author":[{"embeddable":true,"href":"https:\/\/blogs.correiobraziliense.com.br\/servidor\/wp-json\/wp\/v2\/users\/27"}],"replies":[{"embeddable":true,"href":"https:\/\/blogs.correiobraziliense.com.br\/servidor\/wp-json\/wp\/v2\/comments?post=6867"}],"version-history":[{"count":1,"href":"https:\/\/blogs.correiobraziliense.com.br\/servidor\/wp-json\/wp\/v2\/posts\/6867\/revisions"}],"predecessor-version":[{"id":6868,"href":"https:\/\/blogs.correiobraziliense.com.br\/servidor\/wp-json\/wp\/v2\/posts\/6867\/revisions\/6868"}],"wp:attachment":[{"href":"https:\/\/blogs.correiobraziliense.com.br\/servidor\/wp-json\/wp\/v2\/media?parent=6867"}],"wp:term":[{"taxonomy":"category","embeddable":true,"href":"https:\/\/blogs.correiobraziliense.com.br\/servidor\/wp-json\/wp\/v2\/categories?post=6867"},{"taxonomy":"post_tag","embeddable":true,"href":"https:\/\/blogs.correiobraziliense.com.br\/servidor\/wp-json\/wp\/v2\/tags?post=6867"}],"curies":[{"name":"wp","href":"https:\/\/api.w.org\/{rel}","templated":true}]}}