{"id":6859,"date":"2017-09-28T17:32:25","date_gmt":"2017-09-28T20:32:25","guid":{"rendered":"https:\/\/blogs.correiobraziliense.com.br\/servidor\/?p=6859"},"modified":"2017-09-28T17:32:25","modified_gmt":"2017-09-28T20:32:25","slug":"tst-considera-greve-nos-correios-abusiva","status":"publish","type":"post","link":"https:\/\/blogs.correiobraziliense.com.br\/servidor\/tst-considera-greve-nos-correios-abusiva\/","title":{"rendered":"TST considera greve nos Correios abusiva"},"content":{"rendered":"<p><em>Na tarde desta quinta-feira (28), o vice-presidente do Tribunal Superior do Trabalho (TST), ministro Emmanoel Pereira, reconheceu como abusiva a paralisa\u00e7\u00e3o de empregados dos Correios, iniciada no \u00faltimo dia 19, informou a estatal. Diante da decis\u00e3o, os empregados que aderiram \u00e0 paralisa\u00e7\u00e3o devem retornar aos seus postos de trabalho imediatamente<\/em><\/p>\n<p>De acordo com a empresa, no despacho, o ministro declarou que \u201chouve ades\u00e3o \u00e0 greve com a negocia\u00e7\u00e3o ainda n\u00e3o encerrada, o que implica na abusividade\u201d.<\/p>\n<p>Segundo o magistrado, neste caso, \u201ccabe ao empregador adotar as provid\u00eancias que entender pertinentes, conforme sua conveni\u00eancia, partindo da premissa de que para tais trabalhadores n\u00e3o h\u00e1 greve, mas simplesmente aus\u00eancia ao trabalho, desvinculada de qualquer movimento paredista\u201d.<\/p>\n<p>Diante da decis\u00e3o, os empregados que aderiram \u00e0 paralisa\u00e7\u00e3o devem retornar aos seus postos de trabalho imediatamente.<\/p>\n","protected":false},"excerpt":{"rendered":"<p>Na tarde desta quinta-feira (28), o vice-presidente do Tribunal Superior do Trabalho (TST), ministro Emmanoel Pereira, reconheceu como abusiva a paralisa\u00e7\u00e3o de empregados dos Correios, iniciada no \u00faltimo dia 19, informou a estatal. Diante da decis\u00e3o, os empregados que aderiram \u00e0 paralisa\u00e7\u00e3o devem retornar aos seus postos de trabalho imediatamente De acordo com a empresa, no despacho, o ministro declarou [&hellip;]<\/p>\n","protected":false},"author":27,"featured_media":0,"comment_status":"open","ping_status":"closed","sticky":false,"template":"","format":"standard","meta":{"footnotes":""},"categories":[2719],"tags":[1188,20,891,2523,15,8997,540,506,8996,503],"class_list":["post-6859","post","type-post","status-publish","format-standard","hentry","category-servidor","tag-abusiva","tag-correios","tag-empregados","tag-estatal","tag-greve","tag-imeditamente","tag-movimento","tag-paralisacao","tag-retornar","tag-tst"],"_links":{"self":[{"href":"https:\/\/blogs.correiobraziliense.com.br\/servidor\/wp-json\/wp\/v2\/posts\/6859","targetHints":{"allow":["GET"]}}],"collection":[{"href":"https:\/\/blogs.correiobraziliense.com.br\/servidor\/wp-json\/wp\/v2\/posts"}],"about":[{"href":"https:\/\/blogs.correiobraziliense.com.br\/servidor\/wp-json\/wp\/v2\/types\/post"}],"author":[{"embeddable":true,"href":"https:\/\/blogs.correiobraziliense.com.br\/servidor\/wp-json\/wp\/v2\/users\/27"}],"replies":[{"embeddable":true,"href":"https:\/\/blogs.correiobraziliense.com.br\/servidor\/wp-json\/wp\/v2\/comments?post=6859"}],"version-history":[{"count":1,"href":"https:\/\/blogs.correiobraziliense.com.br\/servidor\/wp-json\/wp\/v2\/posts\/6859\/revisions"}],"predecessor-version":[{"id":6860,"href":"https:\/\/blogs.correiobraziliense.com.br\/servidor\/wp-json\/wp\/v2\/posts\/6859\/revisions\/6860"}],"wp:attachment":[{"href":"https:\/\/blogs.correiobraziliense.com.br\/servidor\/wp-json\/wp\/v2\/media?parent=6859"}],"wp:term":[{"taxonomy":"category","embeddable":true,"href":"https:\/\/blogs.correiobraziliense.com.br\/servidor\/wp-json\/wp\/v2\/categories?post=6859"},{"taxonomy":"post_tag","embeddable":true,"href":"https:\/\/blogs.correiobraziliense.com.br\/servidor\/wp-json\/wp\/v2\/tags?post=6859"}],"curies":[{"name":"wp","href":"https:\/\/api.w.org\/{rel}","templated":true}]}}