{"id":6845,"date":"2017-09-28T14:12:56","date_gmt":"2017-09-28T17:12:56","guid":{"rendered":"https:\/\/blogs.correiobraziliense.com.br\/servidor\/?p=6845"},"modified":"2017-09-28T14:12:56","modified_gmt":"2017-09-28T17:12:56","slug":"aafit-sindafsp-cerimonia-de-posse-do-proximo-bienio","status":"publish","type":"post","link":"https:\/\/blogs.correiobraziliense.com.br\/servidor\/aafit-sindafsp-cerimonia-de-posse-do-proximo-bienio\/","title":{"rendered":"AAFIT-Sindaf\/SP &#8211; Cerim\u00f4nia de posse do pr\u00f3ximo bi\u00eanio"},"content":{"rendered":"<p>A Associa\u00e7\u00e3o e Sindicato dos Auditores-Fiscais Tribut\u00e1rios do Munic\u00edpio de S\u00e3o Paulo (AAFIT-Sindaf), far\u00e1, amanh\u00e3 (29), a cerim\u00f4nia de posse da diretoria reeleita para os pr\u00f3ximos dois anos. Cerca de 100 convidados, entre autoridades p\u00fablicas e membros do meio acad\u00eamico, participar\u00e3o do evento que precede o coquetel, informou a entidade. A elei\u00e7\u00e3o ocorreu nos dias 23 e 24 de agosto na sede do sindicato.<\/p>\n<p>H\u00e9lio Campos Freire, presidente reeleito, conta agora com o segundo vice-presidente, Ivan Pereira Gomes Pinto, o diretor administrativo-financeiro, M\u00e1rio Roberto Crevatin, e o vice-diretor administrativo-financeiro Carlos Yoshimori. &#8220;Os membros da diretoria est\u00e3o atentos \u00e0s reformas em andamento no Congresso Nacional, em especial \u00e0 reforma tribut\u00e1ria, mantendo o compromisso de defender os interesses da categoria e valorizar as receitas municipais&#8221;, destaca a nota.<\/p>\n<p>&#8220;Diante de tantas reformas em andamento, trata-se de um enorme desafio atuar de forma t\u00e9cnica no interesse do servi\u00e7o p\u00fablico no Brasil. Estamos certos de que no pr\u00f3ximo mandato conseguiremos avan\u00e7ar ainda mais com nossos objetivos. Para tal, contamos com todas as parcerias que temos mantido em v\u00e1rias frentes de luta&#8221;, ressalta Rafael Aguirrez\u00e1bal, 1\u00ba vice-presidente reeleito.<\/p>\n<p>&#8220;Vale lembrar que a miss\u00e3o constitucional do auditor fiscal \u00e9 garantir o ingresso das receitas p\u00fablicas atrav\u00e9s dos tributos para que o ente da federa\u00e7\u00e3o possa promover as suas pol\u00edticas p\u00fablicas e prestar servi\u00e7os essenciais \u00e0 sociedade, como sa\u00fade, educa\u00e7\u00e3o, seguran\u00e7a, ilumina\u00e7\u00e3o p\u00fablica, entre outros&#8221;.<\/p>\n<p><strong><u>Diretoria eleita<\/u><\/strong><\/p>\n<p><strong>Presidente<\/strong><\/p>\n<p>H\u00e9lio Campos Freire<\/p>\n<p><strong>1\u00ba Vice-Presidente<\/strong><\/p>\n<p>Rafael Rodrigues Aguirrez\u00e1bal<\/p>\n<p><strong>2\u00ba Vice-Presidente<\/strong><\/p>\n<p>Ivan Pereira Gomes Pinto<\/p>\n<p><strong>Diretor Administrativo-Financeiro<\/strong><\/p>\n<p>M\u00e1rio Roberto Crevatin<\/p>\n<p><strong>Vice-Diretor Administrativo-Financeiro<\/strong><\/p>\n<p>Carlos Yoshimori<\/p>\n","protected":false},"excerpt":{"rendered":"<p>A Associa\u00e7\u00e3o e Sindicato dos Auditores-Fiscais Tribut\u00e1rios do Munic\u00edpio de S\u00e3o Paulo (AAFIT-Sindaf), far\u00e1, amanh\u00e3 (29), a cerim\u00f4nia de posse da diretoria reeleita para os pr\u00f3ximos dois anos. Cerca de 100 convidados, entre autoridades p\u00fablicas e membros do meio acad\u00eamico, participar\u00e3o do evento que precede o coquetel, informou a entidade. A elei\u00e7\u00e3o ocorreu nos dias 23 e 24 de agosto [&hellip;]<\/p>\n","protected":false},"author":27,"featured_media":0,"comment_status":"open","ping_status":"closed","sticky":false,"template":"","format":"standard","meta":{"footnotes":""},"categories":[2719],"tags":[8981,6475,108,106,868,326,8982,1379,351,1825],"class_list":["post-6845","post","type-post","status-publish","format-standard","hentry","category-servidor","tag-aafit-sindafsp","tag-convidados","tag-diretoria","tag-eleicao","tag-posse","tag-receitas","tag-reeleita","tag-servicos","tag-sociedade","tag-tributos"],"_links":{"self":[{"href":"https:\/\/blogs.correiobraziliense.com.br\/servidor\/wp-json\/wp\/v2\/posts\/6845","targetHints":{"allow":["GET"]}}],"collection":[{"href":"https:\/\/blogs.correiobraziliense.com.br\/servidor\/wp-json\/wp\/v2\/posts"}],"about":[{"href":"https:\/\/blogs.correiobraziliense.com.br\/servidor\/wp-json\/wp\/v2\/types\/post"}],"author":[{"embeddable":true,"href":"https:\/\/blogs.correiobraziliense.com.br\/servidor\/wp-json\/wp\/v2\/users\/27"}],"replies":[{"embeddable":true,"href":"https:\/\/blogs.correiobraziliense.com.br\/servidor\/wp-json\/wp\/v2\/comments?post=6845"}],"version-history":[{"count":1,"href":"https:\/\/blogs.correiobraziliense.com.br\/servidor\/wp-json\/wp\/v2\/posts\/6845\/revisions"}],"predecessor-version":[{"id":6846,"href":"https:\/\/blogs.correiobraziliense.com.br\/servidor\/wp-json\/wp\/v2\/posts\/6845\/revisions\/6846"}],"wp:attachment":[{"href":"https:\/\/blogs.correiobraziliense.com.br\/servidor\/wp-json\/wp\/v2\/media?parent=6845"}],"wp:term":[{"taxonomy":"category","embeddable":true,"href":"https:\/\/blogs.correiobraziliense.com.br\/servidor\/wp-json\/wp\/v2\/categories?post=6845"},{"taxonomy":"post_tag","embeddable":true,"href":"https:\/\/blogs.correiobraziliense.com.br\/servidor\/wp-json\/wp\/v2\/tags?post=6845"}],"curies":[{"name":"wp","href":"https:\/\/api.w.org\/{rel}","templated":true}]}}