{"id":6832,"date":"2017-09-27T20:41:59","date_gmt":"2017-09-27T23:41:59","guid":{"rendered":"https:\/\/blogs.correiobraziliense.com.br\/servidor\/?p=6832"},"modified":"2017-09-27T20:41:59","modified_gmt":"2017-09-27T23:41:59","slug":"nota-publica-da-amb-de-repudio-as-declaracoes-de-gilmar-mendes","status":"publish","type":"post","link":"https:\/\/blogs.correiobraziliense.com.br\/servidor\/nota-publica-da-amb-de-repudio-as-declaracoes-de-gilmar-mendes\/","title":{"rendered":"Nota p\u00fablica da AMB de rep\u00fadio \u00e0s declara\u00e7\u00f5es de Gilmar Mendes"},"content":{"rendered":"<p><em>Ao votar pelo fim da pris\u00e3o domiciliar do ex-governador do Rio de Janeiro Anthony Garotinho, decretada pelo juiz Ralph Manh\u00e3es, da 100\u00aa Zona Eleitoral de Campos dos Goytacazes, na ter\u00e7a-feira (26), o ministro ofendeu e desqualificou o trabalho dos magistrados e do Poder Judici\u00e1rio, no entender das associa\u00e7\u00f5es de magistrados.<\/em><\/p>\n<p>Em seu discurso, Gilmar Mendes destacou que magistrados \u201caproveitadores\u201d praticam \u201cpopulismo constitucional\u201d ao cederem \u00e0 opini\u00e3o p\u00fablica para manter pris\u00f5es. Sem mencionar nomes, afirmou que \u201c\u00e9 preciso parar de brincar com a liberdade das pessoas\u201d e \u201cter vergonha na cara\u201d.<\/p>\n<p>Veja a nota da AMB:<\/p>\n<p>&#8220;A Associa\u00e7\u00e3o dos Magistrados Brasileiros (AMB), entidade que re\u00fane mais de 14 mil ju\u00edzes em todo o Brasil, repudia mais uma declara\u00e7\u00e3o do ministro Gilmar Mendes que agride de modo desrespeitoso a magistratura brasileira.<\/p>\n<p>A diverg\u00eancia de entendimento \u00e9 pr\u00f3prio do Poder Judici\u00e1rio, especialmente em ambiente colegiado, mas n\u00e3o se pode admitir a postura sistem\u00e1tica de agredir os que pensam de modo contr\u00e1rio.<\/p>\n<p>A magistratura brasileira n\u00e3o aceita de modo algum as cr\u00edticas, pois se algu\u00e9m est\u00e1 brincando, por certo n\u00e3o s\u00e3o os ju\u00edzes e desembargadores que cumprem com seriedade a legisla\u00e7\u00e3o brasileira e se esfor\u00e7am para vencer a enorme carga de trabalho, sem paralelo nas democracias mais avan\u00e7adas.<\/p>\n<p>A AMB ratifica ainda a nota emitida pela Amaerj.<\/p>\n<p>Bras\u00edlia, 27 de setembro de 2017.<\/p>\n<p>Jayme de Oliveira<\/p>\n<p>Presidente da AMB<\/p>\n<p>AMAERJ repudia declara\u00e7\u00f5es desrespeitosas de Gilmar Mendes<\/p>\n<p>A Associa\u00e7\u00e3o dos Magistrados do Estado do Rio de Janeiro (AMAERJ) repudia as declara\u00e7\u00f5es desrespeitosas do presidente do Tribunal Superior Eleitoral (TSE), Gilmar Mendes, contra a atua\u00e7\u00e3o dos ju\u00edzes brasileiros. Ao votar pelo fim da pris\u00e3o domiciliar do ex-governador do Rio de Janeiro Anthony Garotinho, nesta ter\u00e7a-feira (26), o ministro ofendeu e desqualificou o trabalho dos magistrados e do Poder Judici\u00e1rio.<\/p>\n<p>Em um momento de luta contra a corrup\u00e7\u00e3o, Gilmar Mendes disse que magistrados \u201caproveitadores\u201d praticam \u201cpopulismo constitucional\u201d ao cederem \u00e0 opini\u00e3o p\u00fablica para manter pris\u00f5es. Sem mencionar nomes, afirmou que \u201c\u00e9 preciso parar de brincar com a liberdade das pessoas\u201d e \u201cter vergonha na cara\u201d.<\/p>\n<p>A pris\u00e3o domiciliar de Garotinho foi determinada e devidamente fundamentada pelo juiz Ralph Manh\u00e3es, da 100\u00aa Zona Eleitoral de Campos dos Goytacazes, que o condenou a 9 anos e 11 meses de pris\u00e3o por corrup\u00e7\u00e3o eleitoral, associa\u00e7\u00e3o criminosa, coa\u00e7\u00e3o de duas testemunhas e supress\u00e3o de documentos. A decis\u00e3o foi confirmada pelo Tribunal Regional Eleitoral (TRE-RJ).<\/p>\n<p>A AMAERJ defende a independ\u00eancia judicial da magistratura e manifesta apoio integral aos ju\u00edzes do Pa\u00eds, que t\u00eam se conduzido com coragem e firmeza. Os resultados do trabalho dos ju\u00edzes e seu retorno \u00e0 sociedade s\u00e3o p\u00fablicos. \u00c9 fundamental que sejam valorizados pela relev\u00e2ncia de sua atua\u00e7\u00e3o e n\u00e3o depreciados, principalmente por uma autoridade, como o presidente do TSE e membro do Supremo Tribunal Federal (STF).<\/p>\n<p>Uma Justi\u00e7a forte, independente e resistente a press\u00f5es, de onde quer que venham, \u00e9 um dos pressupostos do Estado de Direito e da democracia.&#8221;<\/p>\n","protected":false},"excerpt":{"rendered":"<p>Ao votar pelo fim da pris\u00e3o domiciliar do ex-governador do Rio de Janeiro Anthony Garotinho, decretada pelo juiz Ralph Manh\u00e3es, da 100\u00aa Zona Eleitoral de Campos dos Goytacazes, na ter\u00e7a-feira (26), o ministro ofendeu e desqualificou o trabalho dos magistrados e do Poder Judici\u00e1rio, no entender das associa\u00e7\u00f5es de magistrados. Em seu discurso, Gilmar Mendes destacou que magistrados \u201caproveitadores\u201d praticam [&hellip;]<\/p>\n","protected":false},"author":27,"featured_media":0,"comment_status":"open","ping_status":"closed","sticky":false,"template":"","format":"standard","meta":{"footnotes":""},"categories":[2719],"tags":[8959,1409,8954,8957,3902,1679,1218,8956,8226,8227,3455,1757,621,35,8955,5827,1137,8958,1038,6033,147,1217,754,261,6579],"class_list":["post-6832","post","type-post","status-publish","format-standard","hentry","category-servidor","tag-amaerj","tag-amb","tag-anthony-garotinho","tag-aproveitadores","tag-associacoes","tag-constitucional","tag-declaracoes","tag-desqualificou","tag-domiciliar","tag-ex-governador","tag-gilmar-mendes","tag-liberdade","tag-magistrados","tag-ministro","tag-ofendeu","tag-opiniao","tag-poder-judiciario","tag-populismo","tag-prisao","tag-prisoes","tag-publica","tag-repudio","tag-rio-de-janeiro","tag-trabalho","tag-vergonha"],"_links":{"self":[{"href":"https:\/\/blogs.correiobraziliense.com.br\/servidor\/wp-json\/wp\/v2\/posts\/6832","targetHints":{"allow":["GET"]}}],"collection":[{"href":"https:\/\/blogs.correiobraziliense.com.br\/servidor\/wp-json\/wp\/v2\/posts"}],"about":[{"href":"https:\/\/blogs.correiobraziliense.com.br\/servidor\/wp-json\/wp\/v2\/types\/post"}],"author":[{"embeddable":true,"href":"https:\/\/blogs.correiobraziliense.com.br\/servidor\/wp-json\/wp\/v2\/users\/27"}],"replies":[{"embeddable":true,"href":"https:\/\/blogs.correiobraziliense.com.br\/servidor\/wp-json\/wp\/v2\/comments?post=6832"}],"version-history":[{"count":1,"href":"https:\/\/blogs.correiobraziliense.com.br\/servidor\/wp-json\/wp\/v2\/posts\/6832\/revisions"}],"predecessor-version":[{"id":6833,"href":"https:\/\/blogs.correiobraziliense.com.br\/servidor\/wp-json\/wp\/v2\/posts\/6832\/revisions\/6833"}],"wp:attachment":[{"href":"https:\/\/blogs.correiobraziliense.com.br\/servidor\/wp-json\/wp\/v2\/media?parent=6832"}],"wp:term":[{"taxonomy":"category","embeddable":true,"href":"https:\/\/blogs.correiobraziliense.com.br\/servidor\/wp-json\/wp\/v2\/categories?post=6832"},{"taxonomy":"post_tag","embeddable":true,"href":"https:\/\/blogs.correiobraziliense.com.br\/servidor\/wp-json\/wp\/v2\/tags?post=6832"}],"curies":[{"name":"wp","href":"https:\/\/api.w.org\/{rel}","templated":true}]}}