{"id":683,"date":"2015-12-15T12:06:37","date_gmt":"2015-12-15T14:06:37","guid":{"rendered":"https:\/\/blogs.correiobraziliense.com.br\/servidor\/?p=683"},"modified":"2015-12-15T14:11:45","modified_gmt":"2015-12-15T16:11:45","slug":"presente-de-grego","status":"publish","type":"post","link":"https:\/\/blogs.correiobraziliense.com.br\/servidor\/presente-de-grego\/","title":{"rendered":"PRESENTE DE GREGO"},"content":{"rendered":"<p>\u00c0s v\u00e9speras do Natal, EPAs se surpreendem com boatos negativos<\/p>\n<p>Rumores de que o Minist\u00e9rio do Planejamento vai apresentar hoje proposta que deixa os agentes da Pol\u00edcia Federal fora do b\u00f4nus por desempenho garantido aos delegados deve empurrar a categoria para as ruas. Em negocia\u00e7\u00e3o com o governo para reestruturar a carreira e eliminar a defasagem entre cargos de n\u00edvel superior do Executivo desde 2012, a d\u00favida que paira no ar \u00e9 se eventual greve dos agentes pode inflamar o processo de impeachment. A julgar pela for\u00e7a da categoria \u00e9 bom o Planalto se mexer.<\/p>\n","protected":false},"excerpt":{"rendered":"<p>\u00c0s v\u00e9speras do Natal, EPAs se surpreendem com boatos negativos Rumores de que o Minist\u00e9rio do Planejamento vai apresentar hoje proposta que deixa os agentes da Pol\u00edcia Federal fora do b\u00f4nus por desempenho garantido aos delegados deve empurrar a categoria para as ruas. Em negocia\u00e7\u00e3o com o governo para reestruturar a carreira e eliminar a defasagem entre cargos de n\u00edvel [&hellip;]<\/p>\n","protected":false},"author":27,"featured_media":0,"comment_status":"open","ping_status":"closed","sticky":false,"template":"","format":"standard","meta":{"footnotes":""},"categories":[1],"tags":[229,231,232,228,230,227,3,104,226,54],"class_list":["post-683","post","type-post","status-publish","format-standard","hentry","category-sem-categoria","tag-agentes","tag-bonus","tag-delegados","tag-epas","tag-fora","tag-grego","tag-planejamento","tag-policia-federal","tag-presente","tag-proposta"],"_links":{"self":[{"href":"https:\/\/blogs.correiobraziliense.com.br\/servidor\/wp-json\/wp\/v2\/posts\/683","targetHints":{"allow":["GET"]}}],"collection":[{"href":"https:\/\/blogs.correiobraziliense.com.br\/servidor\/wp-json\/wp\/v2\/posts"}],"about":[{"href":"https:\/\/blogs.correiobraziliense.com.br\/servidor\/wp-json\/wp\/v2\/types\/post"}],"author":[{"embeddable":true,"href":"https:\/\/blogs.correiobraziliense.com.br\/servidor\/wp-json\/wp\/v2\/users\/27"}],"replies":[{"embeddable":true,"href":"https:\/\/blogs.correiobraziliense.com.br\/servidor\/wp-json\/wp\/v2\/comments?post=683"}],"version-history":[{"count":3,"href":"https:\/\/blogs.correiobraziliense.com.br\/servidor\/wp-json\/wp\/v2\/posts\/683\/revisions"}],"predecessor-version":[{"id":688,"href":"https:\/\/blogs.correiobraziliense.com.br\/servidor\/wp-json\/wp\/v2\/posts\/683\/revisions\/688"}],"wp:attachment":[{"href":"https:\/\/blogs.correiobraziliense.com.br\/servidor\/wp-json\/wp\/v2\/media?parent=683"}],"wp:term":[{"taxonomy":"category","embeddable":true,"href":"https:\/\/blogs.correiobraziliense.com.br\/servidor\/wp-json\/wp\/v2\/categories?post=683"},{"taxonomy":"post_tag","embeddable":true,"href":"https:\/\/blogs.correiobraziliense.com.br\/servidor\/wp-json\/wp\/v2\/tags?post=683"}],"curies":[{"name":"wp","href":"https:\/\/api.w.org\/{rel}","templated":true}]}}