{"id":6820,"date":"2017-09-27T18:57:42","date_gmt":"2017-09-27T21:57:42","guid":{"rendered":"https:\/\/blogs.correiobraziliense.com.br\/servidor\/?p=6820"},"modified":"2017-09-27T18:57:42","modified_gmt":"2017-09-27T21:57:42","slug":"correios-entrara-com-acao-de-dissidio-coletivo-no-tribunal-superior-do-trabalho-tst","status":"publish","type":"post","link":"https:\/\/blogs.correiobraziliense.com.br\/servidor\/correios-entrara-com-acao-de-dissidio-coletivo-no-tribunal-superior-do-trabalho-tst\/","title":{"rendered":"Correios entrar\u00e1 com a\u00e7\u00e3o de diss\u00eddio coletivo no Tribunal Superior do Trabalho (TST)."},"content":{"rendered":"<p><em>A decis\u00e3o foi tomada ap\u00f3s ades\u00e3o por parte de sindicatos ligados \u00e0 Federa\u00e7\u00e3o Interestadual dos Sindicatos dos Trabalhadores e Trabalhadoras dos Correios (Findect) \u00e0 paralisa\u00e7\u00e3o na noite dessa ter\u00e7a-feira (26).<\/em><\/p>\n<p>Na segunda-feira (25), o Tribunal Superior do Trabalho (TST) concedeu liminar em favor da empresa, determinando que a Federa\u00e7\u00e3o Nacional dos Trabalhadores em Empresas de Correios e Tel\u00e9grafos e Similares (Fentect) \u2013 que havia iniciado a paralisa\u00e7\u00e3o no dia 19 &#8211; garantisse o efetivo m\u00ednimo de 80% dos empregados em cada unidade dos Correios, sob pena de multa di\u00e1ria de R$ 100 mil no caso de descumprimento.<\/p>\n<p>Apesar de o levantamento de efetivo desta quarta-feira (27) apontar o aumento de empregados que aderiram \u00e0 paralisa\u00e7\u00e3o (90.607 empregados em todo o pa\u00eds est\u00e3o trabalhando, o que corresponde a 83,45% do total), os Correios continuam colocando em pr\u00e1tica as a\u00e7\u00f5es do Plano de Continuidade de Neg\u00f3cios, como o deslocamento de empregados entre as unidades e a realiza\u00e7\u00e3o de horas extras. Essas medidas visam minimizar os impactos do movimento \u00e0 popula\u00e7\u00e3o.<\/p>\n<p><strong>Servi\u00e7os \u2014<\/strong> Em todo o pa\u00eds, a rede de atendimento est\u00e1 aberta e todos os servi\u00e7os, inclusive o Sedex e o PAC, continuam dispon\u00edveis. Apenas os servi\u00e7os com hora marcada (Sedex 10, Sedex 12, Sedex Hoje, Disque Coleta e Log\u00edstica Reversa Domicili\u00e1ria) est\u00e3o suspensos.<\/p>\n","protected":false},"excerpt":{"rendered":"<p>A decis\u00e3o foi tomada ap\u00f3s ades\u00e3o por parte de sindicatos ligados \u00e0 Federa\u00e7\u00e3o Interestadual dos Sindicatos dos Trabalhadores e Trabalhadoras dos Correios (Findect) \u00e0 paralisa\u00e7\u00e3o na noite dessa ter\u00e7a-feira (26). Na segunda-feira (25), o Tribunal Superior do Trabalho (TST) concedeu liminar em favor da empresa, determinando que a Federa\u00e7\u00e3o Nacional dos Trabalhadores em Empresas de Correios e Tel\u00e9grafos e Similares [&hellip;]<\/p>\n","protected":false},"author":27,"featured_media":0,"comment_status":"open","ping_status":"closed","sticky":false,"template":"","format":"standard","meta":{"footnotes":""},"categories":[2719],"tags":[176,3363,20,4762,6196,8834,617,3689,405,506,3695,3801,503],"class_list":["post-6820","post","type-post","status-publish","format-standard","hentry","category-servidor","tag-acao","tag-coletivo","tag-correios","tag-dissidio","tag-fentect","tag-findect","tag-liminar","tag-logistica","tag-multa","tag-paralisacao","tag-pena","tag-sindicatos","tag-tst"],"_links":{"self":[{"href":"https:\/\/blogs.correiobraziliense.com.br\/servidor\/wp-json\/wp\/v2\/posts\/6820","targetHints":{"allow":["GET"]}}],"collection":[{"href":"https:\/\/blogs.correiobraziliense.com.br\/servidor\/wp-json\/wp\/v2\/posts"}],"about":[{"href":"https:\/\/blogs.correiobraziliense.com.br\/servidor\/wp-json\/wp\/v2\/types\/post"}],"author":[{"embeddable":true,"href":"https:\/\/blogs.correiobraziliense.com.br\/servidor\/wp-json\/wp\/v2\/users\/27"}],"replies":[{"embeddable":true,"href":"https:\/\/blogs.correiobraziliense.com.br\/servidor\/wp-json\/wp\/v2\/comments?post=6820"}],"version-history":[{"count":1,"href":"https:\/\/blogs.correiobraziliense.com.br\/servidor\/wp-json\/wp\/v2\/posts\/6820\/revisions"}],"predecessor-version":[{"id":6821,"href":"https:\/\/blogs.correiobraziliense.com.br\/servidor\/wp-json\/wp\/v2\/posts\/6820\/revisions\/6821"}],"wp:attachment":[{"href":"https:\/\/blogs.correiobraziliense.com.br\/servidor\/wp-json\/wp\/v2\/media?parent=6820"}],"wp:term":[{"taxonomy":"category","embeddable":true,"href":"https:\/\/blogs.correiobraziliense.com.br\/servidor\/wp-json\/wp\/v2\/categories?post=6820"},{"taxonomy":"post_tag","embeddable":true,"href":"https:\/\/blogs.correiobraziliense.com.br\/servidor\/wp-json\/wp\/v2\/tags?post=6820"}],"curies":[{"name":"wp","href":"https:\/\/api.w.org\/{rel}","templated":true}]}}