{"id":6816,"date":"2017-09-27T12:41:44","date_gmt":"2017-09-27T15:41:44","guid":{"rendered":"https:\/\/blogs.correiobraziliense.com.br\/servidor\/?p=6816"},"modified":"2017-09-27T12:41:44","modified_gmt":"2017-09-27T15:41:44","slug":"paralisacao-nos-correios-tenta-evitar-privatizacao","status":"publish","type":"post","link":"https:\/\/blogs.correiobraziliense.com.br\/servidor\/paralisacao-nos-correios-tenta-evitar-privatizacao\/","title":{"rendered":"Paralisa\u00e7\u00e3o nos Correios tenta evitar privatiza\u00e7\u00e3o"},"content":{"rendered":"<p><em>Funcion\u00e1rios, em greve h\u00e1 oito dias, querem compromisso de continuidade da empresa. Estatal, segundo presidente deve fechar ano com rombo de R$ 1,3 bilh\u00e3o. Correios devem funcionar com, no m\u00ednimo, 80% dos trabalhadores em cada unidade, determinou o Tribunal Superior do Trabalho<\/em><\/p>\n<p><strong>VERA BATISTA<\/strong><\/p>\n<p>Os Correios entraram hoje no oitavo dia de greve com a ades\u00e3o dos 31 sindicados filiados \u00e0 Federa\u00e7\u00e3o Interestadual dos Sindicatos dos Trabalhadores e Trabalhadoras dos Correios (Findect) e \u00e0 Federa\u00e7\u00e3o Nacional dos Trabalhadores em Empresas dos Correios e Similares (Fentect), entidades que representam os funcion\u00e1rios em todo o pa\u00eds \u2014 em 23 estados e no Distrito Federal. Na segunda-feira, o Tribunal Superior do Trabalho (TST) determinou que 80% dos servidores de cada unidade se mantenham trabalhando sob pena de multa di\u00e1ria de R$ 100 mil no caso de descumprimento.<\/p>\n<p>\u201cEmbora levantamento mostre que 90,59% do efetivo n\u00e3o aderiu \u00e0 paralisa\u00e7\u00e3o \u2014 o equivalente a 98.350 trabalhadores \u2014 em algumas ag\u00eancias a determina\u00e7\u00e3o do TST n\u00e3o est\u00e1 sendo cumprida\u201d, explicou a empresa. O argumento \u00e9 que os Correios s\u00e3o uma estatal da Uni\u00e3o que exerce presta\u00e7\u00e3o de servi\u00e7o p\u00fablico indispens\u00e1vel, o que exige a observ\u00e2ncia da necessidade de manuten\u00e7\u00e3o de contingente m\u00ednimo. A federa\u00e7\u00e3o vai recorrer da decis\u00e3o.<\/p>\n<p>A paralisa\u00e7\u00e3o, segundo os representantes dos empregados, tem motiva\u00e7\u00e3o que vai al\u00e9m da reivindica\u00e7\u00e3o salarial. Entre os motivos apontados est\u00e3o o fechamento de ag\u00eancias, press\u00e3o para ades\u00e3o ao plano de demiss\u00e3o volunt\u00e1ria, amea\u00e7a de demiss\u00e3o motivada, amea\u00e7a de privatiza\u00e7\u00e3o, corte de investimentos.<\/p>\n<p>N\u00e3o \u00e0-toa os trabalhadores temem uma poss\u00edvel venda da estatal. Com previs\u00e3o de deficit de R$ 1,3 bilh\u00e3o neste ano e rombo acumulado de cerca de R$ 5 bilh\u00f5es nos \u00faltimos dois anos, segundo o presidente da empresa, Guilherme Campos, sanear os Correios para depois privatiz\u00e1-los n\u00e3o est\u00e1 descartado.<\/p>\n<p>Os articuladores da poss\u00edvel venda da estatal seriam os ministros Henrique Meirelles (Fazenda) e Gilberto Kassab (das Comunica\u00e7\u00f5es), ambos do PSD. Por meio de nota, a assessoria dos Correios informou apenas que \u201cprivatiza\u00e7\u00e3o \u00e9 um assunto de Estado e n\u00e3o cabe aos Correios discuti-lo no momento\u201d. O mais forte argumento para a venda dos ativos \u00e9 o sistema postal ultrapassado \u2014 deixou de ser um meio usual de comunica\u00e7\u00e3o, porque as pessoas usam mais o telefone celular. Os servi\u00e7os postais, de exclusividade dos Correios, em 2016, tiveram queda de cerca de 9%, no tr\u00e1fego de cartas, em rela\u00e7\u00e3o a 2015. Em contrapartida, o volume de encomendas aumentou cerca de 5%.<\/p>\n<p>Para o economista Cesar Bergo, s\u00f3cio consultor da Corretora OpenInvest, embora hoje os Correios sejam uma empresa falida, o neg\u00f3cio \u00e9 bom, pode atrair investidores e render at\u00e9 R$ 5 bilh\u00f5es aos cofres do governo. \u201cO que dificulta a an\u00e1lise \u00e9 que n\u00e3o se sabe at\u00e9 que ponto a venda foi calculada de forma respons\u00e1vel ou apenas uma estrat\u00e9gia para o governo fazer caixa\u201d, disse. O desfecho da negocia\u00e7\u00e3o salarial em curso tamb\u00e9m est\u00e1 sendo observado. \u201cQualquer desembolso a mais, altera o pre\u00e7o\u201d, refor\u00e7ou Bergo.<\/p>\n<p>Os desequil\u00edbrios, segundo a dire\u00e7\u00e3o da empresa, s\u00e3o muitos. Grande parte em consequ\u00eancia de uma s\u00e9rie de benesses, como adicional de 70% de f\u00e9rias e aux\u00edlio-refei\u00e7\u00e3o de 30 dias. Al\u00e9m do peso Postal Sa\u00fade (plano dos funcion\u00e1rios), para o qual a empresa desembolsava 93% e os trabalhadores, 7%. Da perda total de R$ 4,1 bilh\u00f5es, nos \u00faltimos dois anos, R$ 3,4 bilh\u00f5es, ou 83%, foram para cobrir gastos da operadora. Houve tamb\u00e9m s\u00e9rios problemas com o Banco Postal. A receita que os Correios tinham com a parceria com o Banco do Brasil (R$ 1,2 bilh\u00e3o, em 2016) despencou para R$ 200 milh\u00f5es neste ano.<\/p>\n<p><strong>Uso pol\u00edtico<\/strong><\/p>\n<p>Os empregados dos Correios se sentem os mais prejudicados. Afirmam que foram v\u00edtimas de m\u00e1 gest\u00e3o que os obrigou a bancar at\u00e9 desvios do dinheiro da aposentadoria. O plano de benef\u00edcio definido (BD) do Postalis, instituto de previd\u00eancia complementar dos funcion\u00e1rios do Correio, acumulou deficit de R$ 7,37 bilh\u00f5es de 2012 a 2016. Os empregados ativos s\u00e3o obrigados a pagar taxa extra de 17,92% para cobrir o buraco, com impacto de 3% a 6,5% nos sal\u00e1rios. Para os aposentados, a situa\u00e7\u00e3o \u00e9 mais grave. Pagam, atualmente, 17,92% do valor da aposentadoria, percentual que, em breve, ter\u00e1 incremento de 2,73% e passar\u00e1 para 20,65%, segundo informa\u00e7\u00f5es do Postalis.<\/p>\n<p>\u201cA nova gest\u00e3o tem tomado medidas para diminuir o impacto nos contracheques. O plano de equacionamento prev\u00ea uma dura\u00e7\u00e3o de 279 meses a partir de maio de 2016. Todavia, a partir de eventuais resultados da carteira de investimentos ou do sucesso decorrente das a\u00e7\u00f5es em curso pela diretoria, esse prazo poder\u00e1 ser encurtado ou estendido\u201d, apontou o Postalis. Diante desse quadro, as rela\u00e7\u00f5es se tornam mais dif\u00edceis. A greve, que come\u00e7ou em 20 de setembro, n\u00e3o tem data para acabar. Os trabalhadores reivindicam reposi\u00e7\u00e3o inflacion\u00e1ria, reajuste de 10% nos benef\u00edcios e aumento salarial linear de R$ 300,00. A empresa s\u00f3 aceita pagar aumento salarial e de benef\u00edcios de 3%, a partir de janeiro de 2018 (n\u00e3o retroativos \u00e0 data base, agosto).<\/p>\n","protected":false},"excerpt":{"rendered":"<p>Funcion\u00e1rios, em greve h\u00e1 oito dias, querem compromisso de continuidade da empresa. Estatal, segundo presidente deve fechar ano com rombo de R$ 1,3 bilh\u00e3o. Correios devem funcionar com, no m\u00ednimo, 80% dos trabalhadores em cada unidade, determinou o Tribunal Superior do Trabalho VERA BATISTA Os Correios entraram hoje no oitavo dia de greve com a ades\u00e3o dos 31 sindicados filiados [&hellip;]<\/p>\n","protected":false},"author":27,"featured_media":0,"comment_status":"open","ping_status":"closed","sticky":false,"template":"","format":"standard","meta":{"footnotes":""},"categories":[2719],"tags":[474,879,865,1149,305,20,258,411,1017,8928,4471,6196,8834,1341,98,15,1619,1008,405,506,3086,2212,1001,22,18,19,503,330,149],"class_list":["post-6816","post","type-post","status-publish","format-standard","hentry","category-servidor","tag-adesao","tag-agencias","tag-ativos","tag-caixa","tag-campanha","tag-correios","tag-corte","tag-deficit","tag-demissao","tag-estategia","tag-fechamento","tag-fentect","tag-findect","tag-funcionarios","tag-governo","tag-greve","tag-investidores","tag-investimentos","tag-multa","tag-paralisacao","tag-pdv","tag-pressao","tag-privatizacao","tag-reivindicacao","tag-salarial","tag-trabalhadores","tag-tst","tag-uniao","tag-venda"],"_links":{"self":[{"href":"https:\/\/blogs.correiobraziliense.com.br\/servidor\/wp-json\/wp\/v2\/posts\/6816","targetHints":{"allow":["GET"]}}],"collection":[{"href":"https:\/\/blogs.correiobraziliense.com.br\/servidor\/wp-json\/wp\/v2\/posts"}],"about":[{"href":"https:\/\/blogs.correiobraziliense.com.br\/servidor\/wp-json\/wp\/v2\/types\/post"}],"author":[{"embeddable":true,"href":"https:\/\/blogs.correiobraziliense.com.br\/servidor\/wp-json\/wp\/v2\/users\/27"}],"replies":[{"embeddable":true,"href":"https:\/\/blogs.correiobraziliense.com.br\/servidor\/wp-json\/wp\/v2\/comments?post=6816"}],"version-history":[{"count":1,"href":"https:\/\/blogs.correiobraziliense.com.br\/servidor\/wp-json\/wp\/v2\/posts\/6816\/revisions"}],"predecessor-version":[{"id":6817,"href":"https:\/\/blogs.correiobraziliense.com.br\/servidor\/wp-json\/wp\/v2\/posts\/6816\/revisions\/6817"}],"wp:attachment":[{"href":"https:\/\/blogs.correiobraziliense.com.br\/servidor\/wp-json\/wp\/v2\/media?parent=6816"}],"wp:term":[{"taxonomy":"category","embeddable":true,"href":"https:\/\/blogs.correiobraziliense.com.br\/servidor\/wp-json\/wp\/v2\/categories?post=6816"},{"taxonomy":"post_tag","embeddable":true,"href":"https:\/\/blogs.correiobraziliense.com.br\/servidor\/wp-json\/wp\/v2\/tags?post=6816"}],"curies":[{"name":"wp","href":"https:\/\/api.w.org\/{rel}","templated":true}]}}