{"id":6803,"date":"2017-09-26T15:05:51","date_gmt":"2017-09-26T18:05:51","guid":{"rendered":"https:\/\/blogs.correiobraziliense.com.br\/servidor\/?p=6803"},"modified":"2017-09-26T15:05:51","modified_gmt":"2017-09-26T18:05:51","slug":"petrobras-anuncia-reajuste-nos-precos-do-glp-industrial-3","status":"publish","type":"post","link":"https:\/\/blogs.correiobraziliense.com.br\/servidor\/petrobras-anuncia-reajuste-nos-precos-do-glp-industrial-3\/","title":{"rendered":"Petrobras anuncia reajuste nos pre\u00e7os do GLP industrial"},"content":{"rendered":"<p>A Petrobras decidiu reajustar os pre\u00e7os de comercializa\u00e7\u00e3o \u00e0s distribuidoras do GLP destinado aos usos industrial e comercial, no percentual m\u00e9dio de 7,9% e vig\u00eancia a partir de amanh\u00e3 (27\/9).<\/p>\n<p>A Petrobras esclarece que este reajuste n\u00e3o se aplica aos pre\u00e7os de GLP destinado ao uso residencial, comercializado pelas distribuidoras em botij\u00f5es de at\u00e9 13kg (conhecido como P13 ou g\u00e1s de cozinha)<\/p>\n","protected":false},"excerpt":{"rendered":"<p>A Petrobras decidiu reajustar os pre\u00e7os de comercializa\u00e7\u00e3o \u00e0s distribuidoras do GLP destinado aos usos industrial e comercial, no percentual m\u00e9dio de 7,9% e vig\u00eancia a partir de amanh\u00e3 (27\/9). A Petrobras esclarece que este reajuste n\u00e3o se aplica aos pre\u00e7os de GLP destinado ao uso residencial, comercializado pelas distribuidoras em botij\u00f5es de at\u00e9 13kg (conhecido como P13 ou g\u00e1s [&hellip;]<\/p>\n","protected":false},"author":27,"featured_media":0,"comment_status":"open","ping_status":"closed","sticky":false,"template":"","format":"standard","meta":{"footnotes":""},"categories":[2719],"tags":[1612,8237,4059,572,5814,5815,201,3911,63,7102],"class_list":["post-6803","post","type-post","status-publish","format-standard","hentry","category-servidor","tag-comercial","tag-cozinha","tag-distribuidoras","tag-gas","tag-glp","tag-industrial","tag-petrobras","tag-precos","tag-reajuste","tag-residencial"],"_links":{"self":[{"href":"https:\/\/blogs.correiobraziliense.com.br\/servidor\/wp-json\/wp\/v2\/posts\/6803","targetHints":{"allow":["GET"]}}],"collection":[{"href":"https:\/\/blogs.correiobraziliense.com.br\/servidor\/wp-json\/wp\/v2\/posts"}],"about":[{"href":"https:\/\/blogs.correiobraziliense.com.br\/servidor\/wp-json\/wp\/v2\/types\/post"}],"author":[{"embeddable":true,"href":"https:\/\/blogs.correiobraziliense.com.br\/servidor\/wp-json\/wp\/v2\/users\/27"}],"replies":[{"embeddable":true,"href":"https:\/\/blogs.correiobraziliense.com.br\/servidor\/wp-json\/wp\/v2\/comments?post=6803"}],"version-history":[{"count":1,"href":"https:\/\/blogs.correiobraziliense.com.br\/servidor\/wp-json\/wp\/v2\/posts\/6803\/revisions"}],"predecessor-version":[{"id":6804,"href":"https:\/\/blogs.correiobraziliense.com.br\/servidor\/wp-json\/wp\/v2\/posts\/6803\/revisions\/6804"}],"wp:attachment":[{"href":"https:\/\/blogs.correiobraziliense.com.br\/servidor\/wp-json\/wp\/v2\/media?parent=6803"}],"wp:term":[{"taxonomy":"category","embeddable":true,"href":"https:\/\/blogs.correiobraziliense.com.br\/servidor\/wp-json\/wp\/v2\/categories?post=6803"},{"taxonomy":"post_tag","embeddable":true,"href":"https:\/\/blogs.correiobraziliense.com.br\/servidor\/wp-json\/wp\/v2\/tags?post=6803"}],"curies":[{"name":"wp","href":"https:\/\/api.w.org\/{rel}","templated":true}]}}