{"id":6799,"date":"2017-09-26T12:56:59","date_gmt":"2017-09-26T15:56:59","guid":{"rendered":"https:\/\/blogs.correiobraziliense.com.br\/servidor\/?p=6799"},"modified":"2017-09-26T12:56:59","modified_gmt":"2017-09-26T15:56:59","slug":"tst-concede-liminar-aos-correios","status":"publish","type":"post","link":"https:\/\/blogs.correiobraziliense.com.br\/servidor\/tst-concede-liminar-aos-correios\/","title":{"rendered":"TST concede liminar aos Correios"},"content":{"rendered":"<p>Por meio de nota, a empresa informou que, na tarde de ontem (25), o Tribunal Superior do Trabalho (TST) acatou o pedido dos Correios e concedeu liminar determinando que as federa\u00e7\u00f5es representantes dos trabalhadores garantam o efetivo m\u00ednimo de 80% dos empregados em cada unidade. Em caso de descumprimento, pagar\u00e3o multa di\u00e1ria de R$ 100 mil<\/p>\n<p>De acordo com os Correios, embora levantamento, nesta ter\u00e7a-feira (26), &#8220;mostre que 90,59% do efetivo dos Correios do Brasil n\u00e3o aderiu \u00e0 paralisa\u00e7\u00e3o \u2014 o equivalente a 98.350 trabalhadores &#8211; , em algumas unidades a determina\u00e7\u00e3o do TST n\u00e3o est\u00e1 sendo cumprida&#8221;, destacou.<\/p>\n<p>Nas localidades em que h\u00e1 ades\u00e3o ao movimento, os Correios fazem a\u00e7\u00f5es a fim de minimizar os transtornos \u00e0 popula\u00e7\u00e3o. No \u00faltimo fim de semana (23 e 24), foram entregues mais de 1,7 milh\u00e3o de objetos postais (entre cartas e encomendas), destacou a nota da empresa.<\/p>\n<p>&#8220;Em todo o pa\u00eds, a rede de atendimento est\u00e1 aberta e todos os servi\u00e7os, inclusive o Sedex e o PAC, continuam dispon\u00edveis. Apenas os servi\u00e7os com hora marcada (Sedex 10, Sedex 12, Sedex Hoje, Disque Coleta e Log\u00edstica Reversa Domicili\u00e1ria) est\u00e3o com postagens suspensas para os seguintes destinos: Alagoas, Bahia, Cear\u00e1, Distrito Federal, Esp\u00edrito Santo, Goi\u00e1s, Minas Gerais, Par\u00e1, Paran\u00e1, Para\u00edba, Piau\u00ed, Rio Grande do Sul e Santa Catarina, e para algumas cidades do interior de S\u00e3o Paulo e de Pernambuco. O volume dos servi\u00e7os com hora marcada postado para esses destinos representa apenas 0,5% de todas as encomendas entregues pelos Correios e a suspens\u00e3o foi realizada com o intuito de redirecionar os recursos para os demais servi\u00e7os, que s\u00e3o os mais utilizados pelos clientes&#8221;, assinalou.<\/p>\n<p>Na \u00faltima sexta-feira (22), lembrou a empresa, os Correios e a Federa\u00e7\u00e3o Interestadual dos Sindicatos dos Trabalhadores e Trabalhadoras dos Correios (Findect) chegaram a uma proposta de Acordo Coletivo de Trabalho para o bi\u00eanio 2017\/2018, que contempla reajuste de 3% nos sal\u00e1rios e benef\u00edcios a partir do m\u00eas de janeiro de 2018 e manuten\u00e7\u00e3o do ACT 2016\/2017. A cl\u00e1usula do plano de sa\u00fade continua sendo mediada pelo TST.<\/p>\n<p>Hoje (26), a proposta ser\u00e1 levada para as assembleias dos sindicados filiados \u00e0 Findect. No momento, os Correios aguardam os resultados das assembleias.<\/p>\n<table width=\"576\">\n<tbody>\n<tr>\n<td><\/td>\n<\/tr>\n<\/tbody>\n<\/table>\n","protected":false},"excerpt":{"rendered":"<p>Por meio de nota, a empresa informou que, na tarde de ontem (25), o Tribunal Superior do Trabalho (TST) acatou o pedido dos Correios e concedeu liminar determinando que as federa\u00e7\u00f5es representantes dos trabalhadores garantam o efetivo m\u00ednimo de 80% dos empregados em cada unidade. Em caso de descumprimento, pagar\u00e3o multa di\u00e1ria de R$ 100 mil De acordo com os [&hellip;]<\/p>\n","protected":false},"author":27,"featured_media":0,"comment_status":"open","ping_status":"closed","sticky":false,"template":"","format":"standard","meta":{"footnotes":""},"categories":[2719],"tags":[8897,2749,2009,891,3329,617,8898,2024,405,545,1765,19,8899,503,514],"class_list":["post-6799","post","type-post","status-publish","format-standard","hentry","category-servidor","tag-correiros","tag-determinacao","tag-efetivo","tag-empregados","tag-federacoes","tag-liminar","tag-minimizar","tag-minimo","tag-multa","tag-populacao","tag-representantes","tag-trabalhadores","tag-transtornos","tag-tst","tag-unidades"],"_links":{"self":[{"href":"https:\/\/blogs.correiobraziliense.com.br\/servidor\/wp-json\/wp\/v2\/posts\/6799","targetHints":{"allow":["GET"]}}],"collection":[{"href":"https:\/\/blogs.correiobraziliense.com.br\/servidor\/wp-json\/wp\/v2\/posts"}],"about":[{"href":"https:\/\/blogs.correiobraziliense.com.br\/servidor\/wp-json\/wp\/v2\/types\/post"}],"author":[{"embeddable":true,"href":"https:\/\/blogs.correiobraziliense.com.br\/servidor\/wp-json\/wp\/v2\/users\/27"}],"replies":[{"embeddable":true,"href":"https:\/\/blogs.correiobraziliense.com.br\/servidor\/wp-json\/wp\/v2\/comments?post=6799"}],"version-history":[{"count":1,"href":"https:\/\/blogs.correiobraziliense.com.br\/servidor\/wp-json\/wp\/v2\/posts\/6799\/revisions"}],"predecessor-version":[{"id":6800,"href":"https:\/\/blogs.correiobraziliense.com.br\/servidor\/wp-json\/wp\/v2\/posts\/6799\/revisions\/6800"}],"wp:attachment":[{"href":"https:\/\/blogs.correiobraziliense.com.br\/servidor\/wp-json\/wp\/v2\/media?parent=6799"}],"wp:term":[{"taxonomy":"category","embeddable":true,"href":"https:\/\/blogs.correiobraziliense.com.br\/servidor\/wp-json\/wp\/v2\/categories?post=6799"},{"taxonomy":"post_tag","embeddable":true,"href":"https:\/\/blogs.correiobraziliense.com.br\/servidor\/wp-json\/wp\/v2\/tags?post=6799"}],"curies":[{"name":"wp","href":"https:\/\/api.w.org\/{rel}","templated":true}]}}