{"id":6777,"date":"2017-09-21T12:52:06","date_gmt":"2017-09-21T15:52:06","guid":{"rendered":"https:\/\/blogs.correiobraziliense.com.br\/servidor\/?p=6777"},"modified":"2017-09-21T12:52:06","modified_gmt":"2017-09-21T15:52:06","slug":"correios-segue-em-negociacao-com-sindicatos","status":"publish","type":"post","link":"https:\/\/blogs.correiobraziliense.com.br\/servidor\/correios-segue-em-negociacao-com-sindicatos\/","title":{"rendered":"Correios segue em negocia\u00e7\u00e3o com sindicatos"},"content":{"rendered":"<p><em>A dire\u00e7\u00e3o dos Correios e representantes da Federa\u00e7\u00e3o Interestadual dos Sindicatos dos Trabalhadores e Trabalhadoras dos Correios (Findect) continuam em negocia\u00e7\u00e3o para a assinatura do Acordo Coletivo de Trabalho. Nesta quinta-feira (21), ser\u00e3o apresentadas as propostas econ\u00f4micas para discuss\u00e3o com os sindicatos.<\/em><\/p>\n<p>De acordo com a assessoria de imprensa da empresa, as negocia\u00e7\u00f5es prosseguem ap\u00f3s a Federa\u00e7\u00e3o Nacional dos Trabalhadores em Empresas de Correios e Tel\u00e9grafos e Similares (Fentect) ter desistido das negocia\u00e7\u00f5es e iniciado a paralisa\u00e7\u00e3o nas bases de seus sindicatos filiados.<\/p>\n<p>&#8220;Levantamento parcial realizado na manh\u00e3 de hoje mostra que 91,65% do efetivo total dos Correios no Brasil est\u00e1 presente e trabalhando \u2014 o que corresponde a 99.504 empregados. Nas localidades onde h\u00e1 paralisa\u00e7\u00e3o, a empresa j\u00e1 colocou em pr\u00e1tica seu Plano de Continuidade de Neg\u00f3cios para minimizar os impactos \u00e0 popula\u00e7\u00e3o&#8221;, destacou a nota.<\/p>\n<p>&#8220;Os Correios reiteram que continuam dispostos a negociar e dialogar com os sindicatos que n\u00e3o aderiram \u00e0 paralisa\u00e7\u00e3o para que o acordo coletivo seja assinado e considera a greve por parte de alguns sindicatos um ato irrespons\u00e1vel e unilateral, que desqualifica o processo de negocia\u00e7\u00e3o e prejudica o esfor\u00e7o realizado por todos os empregados durante este ano para retomar a qualidade e os resultados financeiros da empresa&#8221;, ressaltou a empresa.<\/p>\n<p>&#8220;A atitude desses sindicatos coloca em risco a qualidade dos servi\u00e7os prestados aos clientes e \u00e0 popula\u00e7\u00e3o brasileira e torna ainda mais grave a atual situa\u00e7\u00e3o dos Correios. A paralisa\u00e7\u00e3o, ainda que parcial, acarreta um potencial de perda de receitas e de pagamento de indeniza\u00e7\u00f5es que onera os cofres da estatal&#8221;, finaliza.<\/p>\n<table width=\"576\">\n<tbody>\n<tr>\n<td><\/td>\n<\/tr>\n<\/tbody>\n<\/table>\n","protected":false},"excerpt":{"rendered":"<p>A dire\u00e7\u00e3o dos Correios e representantes da Federa\u00e7\u00e3o Interestadual dos Sindicatos dos Trabalhadores e Trabalhadoras dos Correios (Findect) continuam em negocia\u00e7\u00e3o para a assinatura do Acordo Coletivo de Trabalho. Nesta quinta-feira (21), ser\u00e3o apresentadas as propostas econ\u00f4micas para discuss\u00e3o com os sindicatos. De acordo com a assessoria de imprensa da empresa, as negocia\u00e7\u00f5es prosseguem ap\u00f3s a Federa\u00e7\u00e3o Nacional dos Trabalhadores [&hellip;]<\/p>\n","protected":false},"author":27,"featured_media":0,"comment_status":"open","ping_status":"closed","sticky":false,"template":"","format":"standard","meta":{"footnotes":""},"categories":[2719],"tags":[112,1521,2645,3363,20,4678,2523,6196,8834,15,7269,8835,42,506,922,326,3801,19,261,8074],"class_list":["post-6777","post","type-post","status-publish","format-standard","hentry","category-servidor","tag-acordo","tag-assinatura","tag-cofres","tag-coletivo","tag-correios","tag-economicas","tag-estatal","tag-fentect","tag-findect","tag-greve","tag-indenizacoes","tag-irresponsavel","tag-negociacao","tag-paralisacao","tag-propostas","tag-receitas","tag-sindicatos","tag-trabalhadores","tag-trabalho","tag-unilateral"],"_links":{"self":[{"href":"https:\/\/blogs.correiobraziliense.com.br\/servidor\/wp-json\/wp\/v2\/posts\/6777","targetHints":{"allow":["GET"]}}],"collection":[{"href":"https:\/\/blogs.correiobraziliense.com.br\/servidor\/wp-json\/wp\/v2\/posts"}],"about":[{"href":"https:\/\/blogs.correiobraziliense.com.br\/servidor\/wp-json\/wp\/v2\/types\/post"}],"author":[{"embeddable":true,"href":"https:\/\/blogs.correiobraziliense.com.br\/servidor\/wp-json\/wp\/v2\/users\/27"}],"replies":[{"embeddable":true,"href":"https:\/\/blogs.correiobraziliense.com.br\/servidor\/wp-json\/wp\/v2\/comments?post=6777"}],"version-history":[{"count":1,"href":"https:\/\/blogs.correiobraziliense.com.br\/servidor\/wp-json\/wp\/v2\/posts\/6777\/revisions"}],"predecessor-version":[{"id":6778,"href":"https:\/\/blogs.correiobraziliense.com.br\/servidor\/wp-json\/wp\/v2\/posts\/6777\/revisions\/6778"}],"wp:attachment":[{"href":"https:\/\/blogs.correiobraziliense.com.br\/servidor\/wp-json\/wp\/v2\/media?parent=6777"}],"wp:term":[{"taxonomy":"category","embeddable":true,"href":"https:\/\/blogs.correiobraziliense.com.br\/servidor\/wp-json\/wp\/v2\/categories?post=6777"},{"taxonomy":"post_tag","embeddable":true,"href":"https:\/\/blogs.correiobraziliense.com.br\/servidor\/wp-json\/wp\/v2\/tags?post=6777"}],"curies":[{"name":"wp","href":"https:\/\/api.w.org\/{rel}","templated":true}]}}