{"id":6771,"date":"2017-09-21T11:04:08","date_gmt":"2017-09-21T14:04:08","guid":{"rendered":"https:\/\/blogs.correiobraziliense.com.br\/servidor\/?p=6771"},"modified":"2017-09-21T11:04:08","modified_gmt":"2017-09-21T14:04:08","slug":"nota-de-esclarecimento-secretaria-da-fazenda-de-sao-paulo","status":"publish","type":"post","link":"https:\/\/blogs.correiobraziliense.com.br\/servidor\/nota-de-esclarecimento-secretaria-da-fazenda-de-sao-paulo\/","title":{"rendered":"Nota de esclarecimento &#8211; Secretaria da Fazenda de S\u00e3o Paulo"},"content":{"rendered":"<p><em>A Secretaria da Fazenda, por meio da assessoria de imprensa, enviou seu parecer em raz\u00e3o do texto \u201cFisco paulista denuncia secret\u00e1rio da Fazenda por improbidade administrativa\u201d, publicado ontem (20\/9) no Blog do Servidor<\/em><\/p>\n<p>De acordo com o texto, Rodrigo Gouv\u00eaa n\u00e3o recebeu remunera\u00e7\u00e3o adicional e &#8220;nunca praticou qualquer ato, de fato ou de direito, pr\u00f3prio da chefia de gabinete, n\u00e3o havendo usurpa\u00e7\u00e3o ou desvio de fun\u00e7\u00f5es&#8221;.<\/p>\n<p>Veja a nota na \u00edntegra:<\/p>\n<p>&#8220;Esclarecemos que n\u00e3o h\u00e1 nenhuma irregularidade. Rodrigo Gouv\u00eaa \u00e9 empregado da Companhia de Seguros do Estado de S\u00e3o Paulo (Cosesp). A companhia \u00e9 vinculada \u00e0 Secretaria da Fazenda do Estado, que det\u00e9m seu controle acion\u00e1rio.<\/p>\n<p>Paralelamente e sem preju\u00edzos de suas atividades na Cosesp, foi convidado para assumir a chefia de gabinete da Fazenda, convite este que se tornou p\u00fablico em 19 de janeiro de 2017, em comunicado interno para toda a Secretaria. A fim de se preparar para assumir as responsabilidades inerentes ao cargo, ele participou de algumas reuni\u00f5es e tomou conhecimento das quest\u00f5es centrais da pasta, sem deixar de exercer suas atribui\u00e7\u00f5es na Cosesp.<\/p>\n<p>Cabe ressaltar que n\u00e3o houve concess\u00e3o de nenhuma remunera\u00e7\u00e3o adicional, e que, durante esta prepara\u00e7\u00e3o, a chefia de gabinete foi exercida pelo sr. Antonio Fazani Bina, sem qualquer interfer\u00eancia. O servidor nunca praticou qualquer ato, de fato ou de direito, pr\u00f3prio da chefia de gabinete, n\u00e3o havendo usurpa\u00e7\u00e3o ou desvio de fun\u00e7\u00f5es.<\/p>\n<p>Em 9 de junho de 2017, Gouv\u00eaa \u00a0declinou por raz\u00f5es familiares e por motivos de sa\u00fade, concentrando-se, desde ent\u00e3o, apenas nas suas atividades na Cosesp.&#8221;<\/p>\n<p>&nbsp;<\/p>\n","protected":false},"excerpt":{"rendered":"<p>A Secretaria da Fazenda, por meio da assessoria de imprensa, enviou seu parecer em raz\u00e3o do texto \u201cFisco paulista denuncia secret\u00e1rio da Fazenda por improbidade administrativa\u201d, publicado ontem (20\/9) no Blog do Servidor De acordo com o texto, Rodrigo Gouv\u00eaa n\u00e3o recebeu remunera\u00e7\u00e3o adicional e &#8220;nunca praticou qualquer ato, de fato ou de direito, pr\u00f3prio da chefia de gabinete, n\u00e3o [&hellip;]<\/p>\n","protected":false},"author":27,"featured_media":0,"comment_status":"open","ping_status":"closed","sticky":false,"template":"","format":"standard","meta":{"footnotes":""},"categories":[2719],"tags":[8823,1314,2690,21,3065,568,8826,8822,888,322,247,1065,8824,1181,1982,1601,1620,1673,3952,8825,8827],"class_list":["post-6771","post","type-post","status-publish","format-standard","hentry","category-servidor","tag-adiional","tag-administrativa","tag-assessoria","tag-ato","tag-chefia","tag-companhia","tag-cosesp","tag-dencia","tag-desvio","tag-esclarecimento","tag-fisco","tag-funcoes","tag-gabinee","tag-imprensa","tag-improbidade","tag-irregularidade","tag-remuneracao","tag-sao-paulo","tag-secretaria-de-fazenda","tag-usurpacao","tag-vinculada"],"_links":{"self":[{"href":"https:\/\/blogs.correiobraziliense.com.br\/servidor\/wp-json\/wp\/v2\/posts\/6771","targetHints":{"allow":["GET"]}}],"collection":[{"href":"https:\/\/blogs.correiobraziliense.com.br\/servidor\/wp-json\/wp\/v2\/posts"}],"about":[{"href":"https:\/\/blogs.correiobraziliense.com.br\/servidor\/wp-json\/wp\/v2\/types\/post"}],"author":[{"embeddable":true,"href":"https:\/\/blogs.correiobraziliense.com.br\/servidor\/wp-json\/wp\/v2\/users\/27"}],"replies":[{"embeddable":true,"href":"https:\/\/blogs.correiobraziliense.com.br\/servidor\/wp-json\/wp\/v2\/comments?post=6771"}],"version-history":[{"count":1,"href":"https:\/\/blogs.correiobraziliense.com.br\/servidor\/wp-json\/wp\/v2\/posts\/6771\/revisions"}],"predecessor-version":[{"id":6772,"href":"https:\/\/blogs.correiobraziliense.com.br\/servidor\/wp-json\/wp\/v2\/posts\/6771\/revisions\/6772"}],"wp:attachment":[{"href":"https:\/\/blogs.correiobraziliense.com.br\/servidor\/wp-json\/wp\/v2\/media?parent=6771"}],"wp:term":[{"taxonomy":"category","embeddable":true,"href":"https:\/\/blogs.correiobraziliense.com.br\/servidor\/wp-json\/wp\/v2\/categories?post=6771"},{"taxonomy":"post_tag","embeddable":true,"href":"https:\/\/blogs.correiobraziliense.com.br\/servidor\/wp-json\/wp\/v2\/tags?post=6771"}],"curies":[{"name":"wp","href":"https:\/\/api.w.org\/{rel}","templated":true}]}}