{"id":6758,"date":"2017-09-20T14:55:42","date_gmt":"2017-09-20T17:55:42","guid":{"rendered":"https:\/\/blogs.correiobraziliense.com.br\/servidor\/?p=6758"},"modified":"2017-09-20T15:05:10","modified_gmt":"2017-09-20T18:05:10","slug":"reforma-da-previdencia-voce-acha-justo-parte-3-as-diferencas-regionais","status":"publish","type":"post","link":"https:\/\/blogs.correiobraziliense.com.br\/servidor\/reforma-da-previdencia-voce-acha-justo-parte-3-as-diferencas-regionais\/","title":{"rendered":"Reforma da Previd\u00eancia &#8211; Voc\u00ea acha justo? &#8211; Parte 3 | As Diferen\u00e7as Regionais"},"content":{"rendered":"<p><iframe loading=\"lazy\" title=\"Reforma da Previd\u00eancia - Voc\u00ea acha justo? - Parte 3 | As Diferen\u00e7as Regionais\" width=\"1440\" height=\"810\" src=\"https:\/\/www.youtube.com\/embed\/TGhB2Yn1xFc?feature=oembed\" frameborder=\"0\" allow=\"accelerometer; autoplay; clipboard-write; encrypted-media; gyroscope; picture-in-picture; web-share\" referrerpolicy=\"strict-origin-when-cross-origin\" allowfullscreen><\/iframe><\/p>\n","protected":false},"excerpt":{"rendered":"","protected":false},"author":27,"featured_media":0,"comment_status":"open","ping_status":"closed","sticky":false,"template":"","format":"standard","meta":{"footnotes":""},"categories":[2719],"tags":[2333,8816,549,711,3214],"class_list":["post-6758","post","type-post","status-publish","format-standard","hentry","category-servidor","tag-diferencas","tag-justo","tag-previdencia","tag-reforma","tag-regionais"],"_links":{"self":[{"href":"https:\/\/blogs.correiobraziliense.com.br\/servidor\/wp-json\/wp\/v2\/posts\/6758","targetHints":{"allow":["GET"]}}],"collection":[{"href":"https:\/\/blogs.correiobraziliense.com.br\/servidor\/wp-json\/wp\/v2\/posts"}],"about":[{"href":"https:\/\/blogs.correiobraziliense.com.br\/servidor\/wp-json\/wp\/v2\/types\/post"}],"author":[{"embeddable":true,"href":"https:\/\/blogs.correiobraziliense.com.br\/servidor\/wp-json\/wp\/v2\/users\/27"}],"replies":[{"embeddable":true,"href":"https:\/\/blogs.correiobraziliense.com.br\/servidor\/wp-json\/wp\/v2\/comments?post=6758"}],"version-history":[{"count":3,"href":"https:\/\/blogs.correiobraziliense.com.br\/servidor\/wp-json\/wp\/v2\/posts\/6758\/revisions"}],"predecessor-version":[{"id":6763,"href":"https:\/\/blogs.correiobraziliense.com.br\/servidor\/wp-json\/wp\/v2\/posts\/6758\/revisions\/6763"}],"wp:attachment":[{"href":"https:\/\/blogs.correiobraziliense.com.br\/servidor\/wp-json\/wp\/v2\/media?parent=6758"}],"wp:term":[{"taxonomy":"category","embeddable":true,"href":"https:\/\/blogs.correiobraziliense.com.br\/servidor\/wp-json\/wp\/v2\/categories?post=6758"},{"taxonomy":"post_tag","embeddable":true,"href":"https:\/\/blogs.correiobraziliense.com.br\/servidor\/wp-json\/wp\/v2\/tags?post=6758"}],"curies":[{"name":"wp","href":"https:\/\/api.w.org\/{rel}","templated":true}]}}