{"id":6753,"date":"2017-09-20T14:44:12","date_gmt":"2017-09-20T17:44:12","guid":{"rendered":"https:\/\/blogs.correiobraziliense.com.br\/servidor\/?p=6753"},"modified":"2017-09-20T14:44:12","modified_gmt":"2017-09-20T17:44:12","slug":"paralisacao-parcial-nao-afeta-atendimento-dos-correios","status":"publish","type":"post","link":"https:\/\/blogs.correiobraziliense.com.br\/servidor\/paralisacao-parcial-nao-afeta-atendimento-dos-correios\/","title":{"rendered":"Paralisa\u00e7\u00e3o parcial n\u00e3o afeta atendimento dos Correios"},"content":{"rendered":"<p><em>Por meio de nota, os Correios informam que a paralisa\u00e7\u00e3o parcial, iniciada nesta quarta-feira (20) por alguns sindicatos da categoria, n\u00e3o afeta os servi\u00e7os de atendimento. At\u00e9 o momento, todas as ag\u00eancias, inclusive nas regi\u00f5es que aderiram ao movimento paredista, est\u00e3o abertas e todos os servi\u00e7os est\u00e3o dispon\u00edveis, refor\u00e7ou o documento.<\/em><\/p>\n<p>Nesses locais, a empresa j\u00e1 colocou em pr\u00e1tica seu Plano de Continuidade de Neg\u00f3cios para minimizar os impactos \u00e0 popula\u00e7\u00e3o. Os Correios informam que o movimento est\u00e1 concentrado na \u00e1rea de distribui\u00e7\u00e3o \u2014 levantamento parcial realizado na manh\u00e3 de hoje mostra que 93,17% do efetivo total dos Correios no Brasil est\u00e3o presentes e trabalhando \u2014 o que corresponde a 101.161 empregados, n\u00famero apurado por meio de sistema eletr\u00f4nico de presen\u00e7a.<\/p>\n<p><strong>Negocia\u00e7\u00e3o \u2014<\/strong> As negocia\u00e7\u00f5es com os sindicatos que n\u00e3o aderiram \u00e0 paralisa\u00e7\u00e3o ainda est\u00e3o sendo realizadas esta semana. &#8220;Os Correios continuam dispostos a negociar e dialogar com as representa\u00e7\u00f5es dos trabalhadores na busca de solu\u00e7\u00f5es que o momento exige e considera a greve um ato precipitado que desqualifica o processo de negocia\u00e7\u00e3o e prejudica todo o esfor\u00e7o realizado durante este ano para retomar a qualidade e os resultados financeiros da empresa&#8221;, assinalou a ampresa.<\/p>\n","protected":false},"excerpt":{"rendered":"<p>Por meio de nota, os Correios informam que a paralisa\u00e7\u00e3o parcial, iniciada nesta quarta-feira (20) por alguns sindicatos da categoria, n\u00e3o afeta os servi\u00e7os de atendimento. At\u00e9 o momento, todas as ag\u00eancias, inclusive nas regi\u00f5es que aderiram ao movimento paredista, est\u00e3o abertas e todos os servi\u00e7os est\u00e3o dispon\u00edveis, refor\u00e7ou o documento. Nesses locais, a empresa j\u00e1 colocou em pr\u00e1tica seu [&hellip;]<\/p>\n","protected":false},"author":27,"featured_media":0,"comment_status":"open","ping_status":"closed","sticky":false,"template":"","format":"standard","meta":{"footnotes":""},"categories":[2719],"tags":[879,551,379,20,8811,1908,6176,15,540,42,506,2736,8810,8812,6546,1379,3801,1360,19],"class_list":["post-6753","post","type-post","status-publish","format-standard","hentry","category-servidor","tag-agencias","tag-atendimento","tag-categoria","tag-correios","tag-dialogar","tag-disponiveis","tag-esforco","tag-greve","tag-movimento","tag-negociacao","tag-paralisacao","tag-parcial","tag-paredista","tag-precipitado","tag-regioes","tag-servicos","tag-sindicatos","tag-solucoes","tag-trabalhadores"],"_links":{"self":[{"href":"https:\/\/blogs.correiobraziliense.com.br\/servidor\/wp-json\/wp\/v2\/posts\/6753","targetHints":{"allow":["GET"]}}],"collection":[{"href":"https:\/\/blogs.correiobraziliense.com.br\/servidor\/wp-json\/wp\/v2\/posts"}],"about":[{"href":"https:\/\/blogs.correiobraziliense.com.br\/servidor\/wp-json\/wp\/v2\/types\/post"}],"author":[{"embeddable":true,"href":"https:\/\/blogs.correiobraziliense.com.br\/servidor\/wp-json\/wp\/v2\/users\/27"}],"replies":[{"embeddable":true,"href":"https:\/\/blogs.correiobraziliense.com.br\/servidor\/wp-json\/wp\/v2\/comments?post=6753"}],"version-history":[{"count":1,"href":"https:\/\/blogs.correiobraziliense.com.br\/servidor\/wp-json\/wp\/v2\/posts\/6753\/revisions"}],"predecessor-version":[{"id":6754,"href":"https:\/\/blogs.correiobraziliense.com.br\/servidor\/wp-json\/wp\/v2\/posts\/6753\/revisions\/6754"}],"wp:attachment":[{"href":"https:\/\/blogs.correiobraziliense.com.br\/servidor\/wp-json\/wp\/v2\/media?parent=6753"}],"wp:term":[{"taxonomy":"category","embeddable":true,"href":"https:\/\/blogs.correiobraziliense.com.br\/servidor\/wp-json\/wp\/v2\/categories?post=6753"},{"taxonomy":"post_tag","embeddable":true,"href":"https:\/\/blogs.correiobraziliense.com.br\/servidor\/wp-json\/wp\/v2\/tags?post=6753"}],"curies":[{"name":"wp","href":"https:\/\/api.w.org\/{rel}","templated":true}]}}