{"id":6747,"date":"2017-09-19T20:16:03","date_gmt":"2017-09-19T23:16:03","guid":{"rendered":"https:\/\/blogs.correiobraziliense.com.br\/servidor\/?p=6747"},"modified":"2017-09-19T20:16:03","modified_gmt":"2017-09-19T23:16:03","slug":"sindicatos-protelam-apreciacao-do-projeto-de-demissao-por-insuficiencia","status":"publish","type":"post","link":"https:\/\/blogs.correiobraziliense.com.br\/servidor\/sindicatos-protelam-apreciacao-do-projeto-de-demissao-por-insuficiencia\/","title":{"rendered":"Sindicatos protelam aprecia\u00e7\u00e3o do projeto de demiss\u00e3o por insufici\u00eancia"},"content":{"rendered":"<p>Ontem, entidades sindicais de servidores conseguiram que os senadores Vanessa Graziotin (PCdoB-AM), Paulo Paim (PT-RS) e H\u00e9lio Jos\u00e9 (PMDB-DF) e emplacassem uma manobra protelat\u00f3ria para deter o avan\u00e7o do PLS 116\/2017, relatado pelo senador Lasier Martins (PSD-RS), que trata da possibilidade de demiss\u00e3o do funcion\u00e1rio p\u00fablico incompetente mediante avalia\u00e7\u00e3o peri\u00f3dica de desempenho.<\/p>\n<p>Por meio de requerimentos enviados hoje \u00e0 mesa do Plen\u00e1rio, foi aprovado a tramita\u00e7\u00e3o conjunta do projeto em outras tr\u00eas comiss\u00f5es, por tempo indeterminado: Assuntos Sociais (CAS), Direitos Humanos (CDH) e Fiscaliza\u00e7\u00e3o e Controle (CTFC). Cr\u00edticos \u00e0 a\u00e7\u00e3o das &#8220;corpora\u00e7\u00f5es sindicais&#8221; destacam que isso aconteceu &#8220;apesar de n\u00e3o haver liga\u00e7\u00e3o direta do tema com esses colegiados&#8221;.<\/p>\n","protected":false},"excerpt":{"rendered":"<p>Ontem, entidades sindicais de servidores conseguiram que os senadores Vanessa Graziotin (PCdoB-AM), Paulo Paim (PT-RS) e H\u00e9lio Jos\u00e9 (PMDB-DF) e emplacassem uma manobra protelat\u00f3ria para deter o avan\u00e7o do PLS 116\/2017, relatado pelo senador Lasier Martins (PSD-RS), que trata da possibilidade de demiss\u00e3o do funcion\u00e1rio p\u00fablico incompetente mediante avalia\u00e7\u00e3o peri\u00f3dica de desempenho. Por meio de requerimentos enviados hoje \u00e0 mesa [&hellip;]<\/p>\n","protected":false},"author":27,"featured_media":0,"comment_status":"open","ping_status":"closed","sticky":false,"template":"","format":"standard","meta":{"footnotes":""},"categories":[2719],"tags":[3836,863,1625,8798,2201,8799,1017,2303,8696,6982,3619,8796,2776,7014,101,8795,8797,3801,695],"class_list":["post-6747","post","type-post","status-publish","format-standard","hentry","category-servidor","tag-apreciacao","tag-avaliacao","tag-cas","tag-cdh","tag-conjunta","tag-ctfc","tag-demissao","tag-desempenho","tag-incompetente","tag-insuficiencia","tag-mesa","tag-periodica","tag-plenario","tag-pls-1162017","tag-projeto","tag-protelam","tag-requerimentos","tag-sindicatos","tag-tramitacao"],"_links":{"self":[{"href":"https:\/\/blogs.correiobraziliense.com.br\/servidor\/wp-json\/wp\/v2\/posts\/6747","targetHints":{"allow":["GET"]}}],"collection":[{"href":"https:\/\/blogs.correiobraziliense.com.br\/servidor\/wp-json\/wp\/v2\/posts"}],"about":[{"href":"https:\/\/blogs.correiobraziliense.com.br\/servidor\/wp-json\/wp\/v2\/types\/post"}],"author":[{"embeddable":true,"href":"https:\/\/blogs.correiobraziliense.com.br\/servidor\/wp-json\/wp\/v2\/users\/27"}],"replies":[{"embeddable":true,"href":"https:\/\/blogs.correiobraziliense.com.br\/servidor\/wp-json\/wp\/v2\/comments?post=6747"}],"version-history":[{"count":1,"href":"https:\/\/blogs.correiobraziliense.com.br\/servidor\/wp-json\/wp\/v2\/posts\/6747\/revisions"}],"predecessor-version":[{"id":6748,"href":"https:\/\/blogs.correiobraziliense.com.br\/servidor\/wp-json\/wp\/v2\/posts\/6747\/revisions\/6748"}],"wp:attachment":[{"href":"https:\/\/blogs.correiobraziliense.com.br\/servidor\/wp-json\/wp\/v2\/media?parent=6747"}],"wp:term":[{"taxonomy":"category","embeddable":true,"href":"https:\/\/blogs.correiobraziliense.com.br\/servidor\/wp-json\/wp\/v2\/categories?post=6747"},{"taxonomy":"post_tag","embeddable":true,"href":"https:\/\/blogs.correiobraziliense.com.br\/servidor\/wp-json\/wp\/v2\/tags?post=6747"}],"curies":[{"name":"wp","href":"https:\/\/api.w.org\/{rel}","templated":true}]}}