{"id":6738,"date":"2017-09-19T13:09:50","date_gmt":"2017-09-19T16:09:50","guid":{"rendered":"https:\/\/blogs.correiobraziliense.com.br\/servidor\/?p=6738"},"modified":"2017-09-19T13:09:50","modified_gmt":"2017-09-19T16:09:50","slug":"comissao-da-lei-kandir-tem-audiencia-publica-nesta-tarde","status":"publish","type":"post","link":"https:\/\/blogs.correiobraziliense.com.br\/servidor\/comissao-da-lei-kandir-tem-audiencia-publica-nesta-tarde\/","title":{"rendered":"Comiss\u00e3o da Lei Kandir tem audi\u00eancia p\u00fablica nesta tarde"},"content":{"rendered":"<p><span class=\"st\"><em>Roberto Kupski, presidente da\u00a0Federa\u00e7\u00e3o Brasileira de Associa\u00e7\u00f5es de Fiscais de Tributos Estaduais (Febrafite) vai debater a Lei Kandir hoje na comiss\u00e3o especial da C\u00e2mara dos Deputados, \u00e0s 15 horas, no plen\u00e1rio 16<\/em><br \/>\n<\/span><\/p>\n<div id=\"conteudoNoticia\">\n<p>A <span class=\"termoGlossario\">comiss\u00e3o especial<\/span> que analisa propostas que modificam a Lei Kandir (Lei Complementar <a href=\"http:\/\/www2.camara.leg.br\/legin\/fed\/leicom\/1996\/leicomplementar-87-13-setembro-1996-370965-norma-pl.html\" target=\"_blank\">87\/96<\/a>) ter\u00e1 audi\u00eancia p\u00fablica nesta tarde, para analisar o Projeto de Lei Complementar (PLP) 221\/98 e <span class=\"termoGlossario\">apensados, a <\/span>pedido do deputado Pompeo de Mattos (PDT-RS)<\/p>\n<p>Roberto Kupski \u00e9 o convidado especial para debater o tema com os parlamentares. Segundo Mattos, o presidente da Febrafite \u00e9 um importante estudioso do assunto.<\/p>\n<p><strong>A lei<\/strong><br \/>\nA Lei Kandir isenta de <span class=\"termoGlossario\">ICMS<\/span> as exporta\u00e7\u00f5es de produtos prim\u00e1rios e semielaborados. At\u00e9 2003, garantiu aos estados o repasse de valores para compensar perdas decorrentes da isen\u00e7\u00e3o de ICMS, mas, a partir de 2004, a Lei Complementar <a href=\"http:\/\/www2.camara.leg.br\/legin\/fed\/leicom\/2002\/leicomplementar-115-26-dezembro-2002-492555-publicacaooriginal-1-pl.html\" target=\"_blank\">115\/02<\/a>, embora mantendo o direito de repasse, deixou de fixar o valor. Com isso, os governadores precisam negociar a cada ano com o Executivo o montante a ser repassado, mediante recursos alocados no Or\u00e7amento da Uni\u00e3o.<\/p>\n<p>A Lei Kandir determina ainda que uma lei complementar normatize os repasses para compensar os estados com a perda da arrecada\u00e7\u00e3o tribut\u00e1ria sobre a exporta\u00e7\u00e3o de produtos e servi\u00e7os. Essa norma, no entanto, ainda n\u00e3o foi regulamentada pelo Congresso. Por isso, em novembro passado, o Supremo Tribunal Federal (STF) determinou que o Parlamento aprove, em 12 meses, a lei com essa compensa\u00e7\u00e3o.<\/p>\n<p>*A reuni\u00e3o poder\u00e1 ser acompanhada ao vivo pelo <a href=\"http:\/\/www2.camara.leg.br\/atividade-legislativa\/webcamara\/ao-vivo\/transmissoes-do-dia\" target=\"_blank\">WebC\u00e2mara<\/a>.<\/p>\n<p><em>*Com dados da C\u00e2mara<\/em><\/p>\n<\/div>\n","protected":false},"excerpt":{"rendered":"<p>Roberto Kupski, presidente da\u00a0Federa\u00e7\u00e3o Brasileira de Associa\u00e7\u00f5es de Fiscais de Tributos Estaduais (Febrafite) vai debater a Lei Kandir hoje na comiss\u00e3o especial da C\u00e2mara dos Deputados, \u00e0s 15 horas, no plen\u00e1rio 16 A comiss\u00e3o especial que analisa propostas que modificam a Lei Kandir (Lei Complementar 87\/96) ter\u00e1 audi\u00eancia p\u00fablica nesta tarde, para analisar o Projeto de Lei Complementar (PLP) 221\/98 [&hellip;]<\/p>\n","protected":false},"author":27,"featured_media":0,"comment_status":"open","ping_status":"closed","sticky":false,"template":"","format":"standard","meta":{"footnotes":""},"categories":[2719],"tags":[192,61,1150,8787,9,1552,71,3798,1125,783,8792,8786,2642,526,318,8788,8789,221,922,147,316,8791,8790,330,774],"class_list":["post-6738","post","type-post","status-publish","format-standard","hentry","category-servidor","tag-audiencia","tag-camara","tag-comissao","tag-estudioso","tag-executivo","tag-exportacoes","tag-febrafite","tag-governadores","tag-icms","tag-isenta","tag-lc-11502","tag-lei-kandir","tag-montante","tag-negociar","tag-orcamento","tag-plp-2211998","tag-primarios","tag-produtos","tag-propostas","tag-publica","tag-recursos","tag-repasse-perdas","tag-semielaborados","tag-uniao","tag-valor"],"_links":{"self":[{"href":"https:\/\/blogs.correiobraziliense.com.br\/servidor\/wp-json\/wp\/v2\/posts\/6738","targetHints":{"allow":["GET"]}}],"collection":[{"href":"https:\/\/blogs.correiobraziliense.com.br\/servidor\/wp-json\/wp\/v2\/posts"}],"about":[{"href":"https:\/\/blogs.correiobraziliense.com.br\/servidor\/wp-json\/wp\/v2\/types\/post"}],"author":[{"embeddable":true,"href":"https:\/\/blogs.correiobraziliense.com.br\/servidor\/wp-json\/wp\/v2\/users\/27"}],"replies":[{"embeddable":true,"href":"https:\/\/blogs.correiobraziliense.com.br\/servidor\/wp-json\/wp\/v2\/comments?post=6738"}],"version-history":[{"count":1,"href":"https:\/\/blogs.correiobraziliense.com.br\/servidor\/wp-json\/wp\/v2\/posts\/6738\/revisions"}],"predecessor-version":[{"id":6739,"href":"https:\/\/blogs.correiobraziliense.com.br\/servidor\/wp-json\/wp\/v2\/posts\/6738\/revisions\/6739"}],"wp:attachment":[{"href":"https:\/\/blogs.correiobraziliense.com.br\/servidor\/wp-json\/wp\/v2\/media?parent=6738"}],"wp:term":[{"taxonomy":"category","embeddable":true,"href":"https:\/\/blogs.correiobraziliense.com.br\/servidor\/wp-json\/wp\/v2\/categories?post=6738"},{"taxonomy":"post_tag","embeddable":true,"href":"https:\/\/blogs.correiobraziliense.com.br\/servidor\/wp-json\/wp\/v2\/tags?post=6738"}],"curies":[{"name":"wp","href":"https:\/\/api.w.org\/{rel}","templated":true}]}}