{"id":6726,"date":"2017-09-18T17:33:28","date_gmt":"2017-09-18T20:33:28","guid":{"rendered":"https:\/\/blogs.correiobraziliense.com.br\/servidor\/?p=6726"},"modified":"2017-09-18T17:33:28","modified_gmt":"2017-09-18T20:33:28","slug":"deputado-hauly-vai-apresentar-reforma-tributaria-em-palestras-nos-estados-unidos","status":"publish","type":"post","link":"https:\/\/blogs.correiobraziliense.com.br\/servidor\/deputado-hauly-vai-apresentar-reforma-tributaria-em-palestras-nos-estados-unidos\/","title":{"rendered":"Deputado Hauly vai apresentar a reforma tribut\u00e1ria em palestras nos Estados Unidos"},"content":{"rendered":"<p>O relator da reforma tribut\u00e1ria na Comiss\u00e3o Especial da C\u00e2mara, Deputado Luiz Carlos Hauly (PSDB-PR), depois de discutir essa mat\u00e9ria em 79 encontros pelo Brasil e em audi\u00eancia exclusiva com o presidente Michel Temer e sua equipe econ\u00f4mica, come\u00e7a amanh\u00e3 (ter\u00e7a-feira), em Washington, a apresentar o seu projeto no US \u2013 Brazil Business Council e na embaixada do Brasil, al\u00e9m de manter reuni\u00f5es com os grupos Albright StoneBridge, o Inter- American Dialogue e no Departamento de Estado. De Washington, Hauly ir\u00e1 participar de quatro eventos no estado de Utah, sendo dois em Universidades.<\/p>\n<p>Para Hauly, esse convite para debater a reforma tribut\u00e1ria nos Estados Unidos \u00e9 decorrente da grande repercuss\u00e3o positiva da proposta, em diversas entidades representativas em todo pa\u00eds. \u201cNingu\u00e9m suporta mais esse modelo ca\u00f3tico e ultrapassado que tanto tem tirado a competitividade das empresas e prejudicado a economia brasileira. A nossa proposta visa reduzir impostos, simplificar o sistema tribut\u00e1rio, moderniz\u00e1-lo com introdu\u00e7\u00e3o da mais avan\u00e7ada tecnologia e promover a corre\u00e7\u00e3o de injusti\u00e7as hist\u00f3ricas, sobretudo para quem ganha menos e paga mais impostos\u201d.<\/p>\n<p>Economista, duas vezes secret\u00e1rio da Fazenda do Paran\u00e1, Hauly afirma que a reforma tribut\u00e1ria vai ajudar o Brasil a sair desta que \u00e9 considerada a maior recess\u00e3o das \u00faltimas d\u00e9cadas. \u201cOs dados comparativos dos \u00faltimos 30 anos s\u00e3o estarrecedores: enquanto a economia mundial cresce a uma m\u00e9dia anual de 3,4%, o Brasil tem um crescimento p\u00edfio de 0,5%, e a China, tem mantido m\u00e9dia superior a 7%. Estou convencido de que, mais de 50% da responsabilidade pelo atraso da nossa economia \u00e9 provocado pelo nosso Sistema Tribut\u00e1rio an\u00e1rquico e ca\u00f3tico que mata as empresas e os empregos\u201d, concluiu.<\/p>\n","protected":false},"excerpt":{"rendered":"<p>O relator da reforma tribut\u00e1ria na Comiss\u00e3o Especial da C\u00e2mara, Deputado Luiz Carlos Hauly (PSDB-PR), depois de discutir essa mat\u00e9ria em 79 encontros pelo Brasil e em audi\u00eancia exclusiva com o presidente Michel Temer e sua equipe econ\u00f4mica, come\u00e7a amanh\u00e3 (ter\u00e7a-feira), em Washington, a apresentar o seu projeto no US \u2013 Brazil Business Council e na embaixada do Brasil, al\u00e9m [&hellip;]<\/p>\n","protected":false},"author":27,"featured_media":0,"comment_status":"open","ping_status":"closed","sticky":false,"template":"","format":"standard","meta":{"footnotes":""},"categories":[2719],"tags":[192,164,8767,4368,759,88,367,390,3171,6404,5616,8765,2770,3433,2474,565,3779,8070,4504,1307,8768,8766],"class_list":["post-6726","post","type-post","status-publish","format-standard","hentry","category-servidor","tag-audiencia","tag-brasil","tag-caotico","tag-competitividade","tag-correcao","tag-economia","tag-economica","tag-empresas","tag-equipe","tag-estados-unidos","tag-exclusiva","tag-hauly-reforma","tag-impostos","tag-injusticas","tag-michel-temer","tag-modelo","tag-palestras","tag-simplificar","tag-tecnologia","tag-tributaria","tag-ultrapassado","tag-washington"],"_links":{"self":[{"href":"https:\/\/blogs.correiobraziliense.com.br\/servidor\/wp-json\/wp\/v2\/posts\/6726","targetHints":{"allow":["GET"]}}],"collection":[{"href":"https:\/\/blogs.correiobraziliense.com.br\/servidor\/wp-json\/wp\/v2\/posts"}],"about":[{"href":"https:\/\/blogs.correiobraziliense.com.br\/servidor\/wp-json\/wp\/v2\/types\/post"}],"author":[{"embeddable":true,"href":"https:\/\/blogs.correiobraziliense.com.br\/servidor\/wp-json\/wp\/v2\/users\/27"}],"replies":[{"embeddable":true,"href":"https:\/\/blogs.correiobraziliense.com.br\/servidor\/wp-json\/wp\/v2\/comments?post=6726"}],"version-history":[{"count":1,"href":"https:\/\/blogs.correiobraziliense.com.br\/servidor\/wp-json\/wp\/v2\/posts\/6726\/revisions"}],"predecessor-version":[{"id":6727,"href":"https:\/\/blogs.correiobraziliense.com.br\/servidor\/wp-json\/wp\/v2\/posts\/6726\/revisions\/6727"}],"wp:attachment":[{"href":"https:\/\/blogs.correiobraziliense.com.br\/servidor\/wp-json\/wp\/v2\/media?parent=6726"}],"wp:term":[{"taxonomy":"category","embeddable":true,"href":"https:\/\/blogs.correiobraziliense.com.br\/servidor\/wp-json\/wp\/v2\/categories?post=6726"},{"taxonomy":"post_tag","embeddable":true,"href":"https:\/\/blogs.correiobraziliense.com.br\/servidor\/wp-json\/wp\/v2\/tags?post=6726"}],"curies":[{"name":"wp","href":"https:\/\/api.w.org\/{rel}","templated":true}]}}