{"id":6714,"date":"2017-09-15T16:33:13","date_gmt":"2017-09-15T19:33:13","guid":{"rendered":"https:\/\/blogs.correiobraziliense.com.br\/servidor\/?p=6714"},"modified":"2017-09-15T16:33:13","modified_gmt":"2017-09-15T19:33:13","slug":"liminar-determina-compensacao-em-horas-de-trabalho-sem-desconto-salarial-de-servidora-publica","status":"publish","type":"post","link":"https:\/\/blogs.correiobraziliense.com.br\/servidor\/liminar-determina-compensacao-em-horas-de-trabalho-sem-desconto-salarial-de-servidora-publica\/","title":{"rendered":"Liminar determina compensa\u00e7\u00e3o em horas de trabalho sem desconto salarial de servidora p\u00fablica"},"content":{"rendered":"<p><em>A 4\u00aa Vara Federal da Se\u00e7\u00e3o Judici\u00e1ria do Distrito Federal deferiu medida liminar ap\u00f3s a Uni\u00e3o exigir o ressarcimento dos valores recebidos de boa-f\u00e9 pela autora, no per\u00edodo de julho a dezembro de 2006, por afastamento para capacita\u00e7\u00e3o, em 2006.<\/em><\/p>\n<p>A a\u00e7\u00e3o movida por servidora p\u00fablica federal objetiva, em s\u00edntese, que seja declarada a nulidade do ato administrativo que indeferiu seu pedido de afastamento para capacita\u00e7\u00e3o \u2014formulado em 15 de mar\u00e7o de 2006 \u2014, instaurado com o objetivo de repor ao Er\u00e1rio os valores percebidos pela autora no per\u00edodo de julho a dezembro de 2006 por for\u00e7a de decis\u00e3o judicial, sob o argumento de que n\u00e3o lhe foram oportunizadas a ampla defesa e o contradit\u00f3rio.<\/p>\n<p>A decis\u00e3o proferida pelo juiz federal substituto Frederico Botelho de Barros Viana, da 4\u00aa Vara Federal da Se\u00e7\u00e3o Judici\u00e1ria do Distrito Federal, deferiu a tutela provis\u00f3ria de urg\u00eancia com base no princ\u00edpio da confian\u00e7a, considerando que a boa-f\u00e9 objetiva deve nortear a atua\u00e7\u00e3o da administra\u00e7\u00e3o p\u00fablica, n\u00e3o podendo renegar um lapso temporal de nove anos. Diante disso, deferiu o pedido liminar, a fim de possibilitar a compensa\u00e7\u00e3o em horas de trabalho, sem o desconto salarial at\u00e9 o fim da lide.<\/p>\n<p>Para Jean P. Ruzzarin, s\u00f3cio do escrit\u00f3rio patrono da causa (Cassel Ruzzarin Santos Rodrigues Advogados), \u201cuma vez que a autora tem o direito da concess\u00e3o da licen\u00e7a requerido com amparo legal no Decreto 5.707\/2006, os valores que s\u00e3o cobrados, como demonstrado, foram recebidos de boa-f\u00e9 e ainda existe a possibilidade de compensa\u00e7\u00e3o\u201d.<\/p>\n<p>A Uni\u00e3o j\u00e1 apresentou recurso contra a decis\u00e3o.<\/p>\n<p>Processo Principal n\u00ba 0022733-81.2017.4.01.3400<\/p>\n<p>4\u00aa Vara Federal da Se\u00e7\u00e3o Judici\u00e1ria do Distrito Federal<\/p>\n<p>Juiz Federal Frederico Botelho de Barros Viana<\/p>\n","protected":false},"excerpt":{"rendered":"<p>A 4\u00aa Vara Federal da Se\u00e7\u00e3o Judici\u00e1ria do Distrito Federal deferiu medida liminar ap\u00f3s a Uni\u00e3o exigir o ressarcimento dos valores recebidos de boa-f\u00e9 pela autora, no per\u00edodo de julho a dezembro de 2006, por afastamento para capacita\u00e7\u00e3o, em 2006. A a\u00e7\u00e3o movida por servidora p\u00fablica federal objetiva, em s\u00edntese, que seja declarada a nulidade do ato administrativo que indeferiu [&hellip;]<\/p>\n","protected":false},"author":27,"featured_media":0,"comment_status":"open","ping_status":"closed","sticky":false,"template":"","format":"standard","meta":{"footnotes":""},"categories":[2719],"tags":[5738,1059,3866,2113,3172,1248,3690,342,1419,883,951,617,147,4840,18,4162,261,330,1960,1808],"class_list":["post-6714","post","type-post","status-publish","format-standard","hentry","category-servidor","tag-afastamento","tag-boa-fe","tag-capacitacao","tag-compensacao","tag-confianca","tag-decisao","tag-desconto","tag-determina","tag-erario","tag-horas","tag-judicial","tag-liminar","tag-publica","tag-ressarcimento","tag-salarial","tag-servidora","tag-trabalho","tag-uniao","tag-urgencia","tag-valores"],"_links":{"self":[{"href":"https:\/\/blogs.correiobraziliense.com.br\/servidor\/wp-json\/wp\/v2\/posts\/6714","targetHints":{"allow":["GET"]}}],"collection":[{"href":"https:\/\/blogs.correiobraziliense.com.br\/servidor\/wp-json\/wp\/v2\/posts"}],"about":[{"href":"https:\/\/blogs.correiobraziliense.com.br\/servidor\/wp-json\/wp\/v2\/types\/post"}],"author":[{"embeddable":true,"href":"https:\/\/blogs.correiobraziliense.com.br\/servidor\/wp-json\/wp\/v2\/users\/27"}],"replies":[{"embeddable":true,"href":"https:\/\/blogs.correiobraziliense.com.br\/servidor\/wp-json\/wp\/v2\/comments?post=6714"}],"version-history":[{"count":1,"href":"https:\/\/blogs.correiobraziliense.com.br\/servidor\/wp-json\/wp\/v2\/posts\/6714\/revisions"}],"predecessor-version":[{"id":6715,"href":"https:\/\/blogs.correiobraziliense.com.br\/servidor\/wp-json\/wp\/v2\/posts\/6714\/revisions\/6715"}],"wp:attachment":[{"href":"https:\/\/blogs.correiobraziliense.com.br\/servidor\/wp-json\/wp\/v2\/media?parent=6714"}],"wp:term":[{"taxonomy":"category","embeddable":true,"href":"https:\/\/blogs.correiobraziliense.com.br\/servidor\/wp-json\/wp\/v2\/categories?post=6714"},{"taxonomy":"post_tag","embeddable":true,"href":"https:\/\/blogs.correiobraziliense.com.br\/servidor\/wp-json\/wp\/v2\/tags?post=6714"}],"curies":[{"name":"wp","href":"https:\/\/api.w.org\/{rel}","templated":true}]}}