{"id":6710,"date":"2017-09-15T15:05:28","date_gmt":"2017-09-15T18:05:28","guid":{"rendered":"https:\/\/blogs.correiobraziliense.com.br\/servidor\/?p=6710"},"modified":"2017-09-15T15:05:28","modified_gmt":"2017-09-15T18:05:28","slug":"seminario-internacional-sobre-governanca-e-democracia-abre-inscricoes","status":"publish","type":"post","link":"https:\/\/blogs.correiobraziliense.com.br\/servidor\/seminario-internacional-sobre-governanca-e-democracia-abre-inscricoes\/","title":{"rendered":"Semin\u00e1rio internacional sobre governan\u00e7a e democracia abre inscri\u00e7\u00f5es"},"content":{"rendered":"<p><i>Parceria entre C\u00e2mara dos Deputados, TCU e Banco Mundial, encontro ser\u00e1 no dia 28\/09<br \/>\n<\/i><\/p>\n<p>Est\u00e3o abertas as inscri\u00e7\u00f5es para o Semin\u00e1rio internacional \u201cGovernan\u00e7a e Democracia: um caminho para o desenvolvimento\u201d. Organizado pela C\u00e2mara dos Deputados, pelo TCU e pelo Banco Mundial, o encontro tem por objetivo fortalecer o di\u00e1logo sobre os desafios de governan\u00e7a e as mudan\u00e7as que o Brasil precisa para alcan\u00e7ar um desenvolvimento inclusivo e sustent\u00e1vel. O evento ser\u00e1 realizado no dia 28 de setembro, no audit\u00f3rio Nereu Ramos, na C\u00e2mara dos Deputados.<\/p>\n<p>Na programa\u00e7\u00e3o est\u00e1 prevista a apresenta\u00e7\u00e3o do Relat\u00f3rio de Desenvolvimento Mundial 2017: Governan\u00e7a e a Lei, que trata de pol\u00edticas p\u00fablicas de sucesso, al\u00e9m de v\u00e1rios pain\u00e9is de discuss\u00e3o sobre a governan\u00e7a no Brasil.<br \/>\nO evento \u00e9 voltado para autoridades p\u00fablicas, gestores da administra\u00e7\u00e3o p\u00fablica federal, representantes do Congresso Nacional, servidores p\u00fablicos, representantes do setor produtivo, sociedade civil organizada, acad\u00eamicos e organismos multilaterais.<br \/>\nAs inscri\u00e7\u00f5es podem ser feitas <a href=\"http:\/\/www.camara.leg.br\/eventos-divulgacao\/evento?id=42604\">aqui<\/a>.<\/p>\n","protected":false},"excerpt":{"rendered":"<p>Parceria entre C\u00e2mara dos Deputados, TCU e Banco Mundial, encontro ser\u00e1 no dia 28\/09 Est\u00e3o abertas as inscri\u00e7\u00f5es para o Semin\u00e1rio internacional \u201cGovernan\u00e7a e Democracia: um caminho para o desenvolvimento\u201d. Organizado pela C\u00e2mara dos Deputados, pelo TCU e pelo Banco Mundial, o encontro tem por objetivo fortalecer o di\u00e1logo sobre os desafios de governan\u00e7a e as mudan\u00e7as que o Brasil [&hellip;]<\/p>\n","protected":false},"author":27,"featured_media":0,"comment_status":"open","ping_status":"closed","sticky":false,"template":"","format":"standard","meta":{"footnotes":""},"categories":[2719],"tags":[4554,164,1531,4053,1845,3355,1133,566,781,1071,376,267,635],"class_list":["post-6710","post","type-post","status-publish","format-standard","hentry","category-servidor","tag-banco-mundial","tag-brasil","tag-camara-dos-deputados","tag-democracia","tag-desafios","tag-desenvolvimento","tag-dialogo","tag-governanca","tag-inscricoes","tag-internacional","tag-mudancas","tag-seminario","tag-tcu"],"_links":{"self":[{"href":"https:\/\/blogs.correiobraziliense.com.br\/servidor\/wp-json\/wp\/v2\/posts\/6710","targetHints":{"allow":["GET"]}}],"collection":[{"href":"https:\/\/blogs.correiobraziliense.com.br\/servidor\/wp-json\/wp\/v2\/posts"}],"about":[{"href":"https:\/\/blogs.correiobraziliense.com.br\/servidor\/wp-json\/wp\/v2\/types\/post"}],"author":[{"embeddable":true,"href":"https:\/\/blogs.correiobraziliense.com.br\/servidor\/wp-json\/wp\/v2\/users\/27"}],"replies":[{"embeddable":true,"href":"https:\/\/blogs.correiobraziliense.com.br\/servidor\/wp-json\/wp\/v2\/comments?post=6710"}],"version-history":[{"count":1,"href":"https:\/\/blogs.correiobraziliense.com.br\/servidor\/wp-json\/wp\/v2\/posts\/6710\/revisions"}],"predecessor-version":[{"id":6711,"href":"https:\/\/blogs.correiobraziliense.com.br\/servidor\/wp-json\/wp\/v2\/posts\/6710\/revisions\/6711"}],"wp:attachment":[{"href":"https:\/\/blogs.correiobraziliense.com.br\/servidor\/wp-json\/wp\/v2\/media?parent=6710"}],"wp:term":[{"taxonomy":"category","embeddable":true,"href":"https:\/\/blogs.correiobraziliense.com.br\/servidor\/wp-json\/wp\/v2\/categories?post=6710"},{"taxonomy":"post_tag","embeddable":true,"href":"https:\/\/blogs.correiobraziliense.com.br\/servidor\/wp-json\/wp\/v2\/tags?post=6710"}],"curies":[{"name":"wp","href":"https:\/\/api.w.org\/{rel}","templated":true}]}}