{"id":6707,"date":"2017-09-15T11:59:53","date_gmt":"2017-09-15T14:59:53","guid":{"rendered":"https:\/\/blogs.correiobraziliense.com.br\/servidor\/?p=6707"},"modified":"2017-09-15T12:00:27","modified_gmt":"2017-09-15T15:00:27","slug":"amb-nao-ve-reves-na-lava-jato-com-raquel-dogde","status":"publish","type":"post","link":"https:\/\/blogs.correiobraziliense.com.br\/servidor\/amb-nao-ve-reves-na-lava-jato-com-raquel-dogde\/","title":{"rendered":"AMB n\u00e3o v\u00ea rev\u00e9s na Lava Jato com Raquel Dogde"},"content":{"rendered":"<p><em>Presidente da Associa\u00e7\u00e3o dos Magistrados Brasileiros (AMB), Jayme de Oliveira, afirmou que Dodge &#8220;fez uma carreira irrepreens\u00edvel no Minist\u00e9rio P\u00fablico&#8221;<\/em><\/p>\n<p>A partir desta segunda-feira, 18, Raquel Dogde estar\u00e1 \u00e0 frente da PGR e, para o presidente da Associa\u00e7\u00e3o dos Magistrados Brasileiros (AMB), Jayme de Oliveira, n\u00e3o h\u00e1 risco da Lava Jato sofrer qualquer rev\u00e9s. Ele esclarece \u00e0 sociedade brasileira, h\u00e1 mais de tr\u00eas anos acompanhando fase a fase da Opera\u00e7\u00e3o Lava Jato, que n\u00e3o h\u00e1 porque questionar se a mudan\u00e7a no comando da Procuradoria Geral da Rep\u00fablica (PGR) vai afetar a principal investiga\u00e7\u00e3o contra a corrup\u00e7\u00e3o no pa\u00eds.<\/p>\n<p>\u201cRaquel Dodge foi uma escolha acertada do presidente Michel Temer, ela fez uma carreira irrepreens\u00edvel no Minist\u00e9rio P\u00fablico e, pela equipe que j\u00e1 escalou, demonstra que atuar\u00e1 com firmeza nos casos mais flagrantes de corrup\u00e7\u00e3o, mas n\u00e3o s\u00f3. Direitos humanos e meio ambiente, assuntos que merecem toda a nossa aten\u00e7\u00e3o, tamb\u00e9m est\u00e3o entre os seus interesses priorit\u00e1rios\u201d, destacou Jayme de Oliveira.<\/p>\n<p>O presidente da AMB, que participa nesta segunda, 18, da posse de Raquel Dogde, enfatiza a import\u00e2ncia da a\u00e7\u00e3o independente do Poder Judici\u00e1rio e do Minist\u00e9rio P\u00fablico, como garantia do fortalecimento das institui\u00e7\u00f5es e da democracia.<\/p>\n<p>&nbsp;<\/p>\n","protected":false},"excerpt":{"rendered":"<p>Presidente da Associa\u00e7\u00e3o dos Magistrados Brasileiros (AMB), Jayme de Oliveira, afirmou que Dodge &#8220;fez uma carreira irrepreens\u00edvel no Minist\u00e9rio P\u00fablico&#8221; A partir desta segunda-feira, 18, Raquel Dogde estar\u00e1 \u00e0 frente da PGR e, para o presidente da Associa\u00e7\u00e3o dos Magistrados Brasileiros (AMB), Jayme de Oliveira, n\u00e3o h\u00e1 risco da Lava Jato sofrer qualquer rev\u00e9s. Ele esclarece \u00e0 sociedade brasileira, h\u00e1 [&hellip;]<\/p>\n","protected":false},"author":27,"featured_media":0,"comment_status":"open","ping_status":"closed","sticky":false,"template":"","format":"standard","meta":{"footnotes":""},"categories":[2719],"tags":[1409,188,1776,205,4053,8728,722,283,91,548,8381],"class_list":["post-6707","post","type-post","status-publish","format-standard","hentry","category-servidor","tag-amb","tag-carreira","tag-comando","tag-corrupcao","tag-democracia","tag-firmeza","tag-investigacao","tag-lava-jato","tag-mudanca","tag-pgr","tag-raquel-dodge"],"_links":{"self":[{"href":"https:\/\/blogs.correiobraziliense.com.br\/servidor\/wp-json\/wp\/v2\/posts\/6707","targetHints":{"allow":["GET"]}}],"collection":[{"href":"https:\/\/blogs.correiobraziliense.com.br\/servidor\/wp-json\/wp\/v2\/posts"}],"about":[{"href":"https:\/\/blogs.correiobraziliense.com.br\/servidor\/wp-json\/wp\/v2\/types\/post"}],"author":[{"embeddable":true,"href":"https:\/\/blogs.correiobraziliense.com.br\/servidor\/wp-json\/wp\/v2\/users\/27"}],"replies":[{"embeddable":true,"href":"https:\/\/blogs.correiobraziliense.com.br\/servidor\/wp-json\/wp\/v2\/comments?post=6707"}],"version-history":[{"count":2,"href":"https:\/\/blogs.correiobraziliense.com.br\/servidor\/wp-json\/wp\/v2\/posts\/6707\/revisions"}],"predecessor-version":[{"id":6709,"href":"https:\/\/blogs.correiobraziliense.com.br\/servidor\/wp-json\/wp\/v2\/posts\/6707\/revisions\/6709"}],"wp:attachment":[{"href":"https:\/\/blogs.correiobraziliense.com.br\/servidor\/wp-json\/wp\/v2\/media?parent=6707"}],"wp:term":[{"taxonomy":"category","embeddable":true,"href":"https:\/\/blogs.correiobraziliense.com.br\/servidor\/wp-json\/wp\/v2\/categories?post=6707"},{"taxonomy":"post_tag","embeddable":true,"href":"https:\/\/blogs.correiobraziliense.com.br\/servidor\/wp-json\/wp\/v2\/tags?post=6707"}],"curies":[{"name":"wp","href":"https:\/\/api.w.org\/{rel}","templated":true}]}}