{"id":6700,"date":"2017-09-14T19:32:55","date_gmt":"2017-09-14T22:32:55","guid":{"rendered":"https:\/\/blogs.correiobraziliense.com.br\/servidor\/?p=6700"},"modified":"2017-09-14T19:32:55","modified_gmt":"2017-09-14T22:32:55","slug":"membros-da-agu-questionam-nomeacao-de-advogado-privado-com-sabatina-marcada-no-senado-para-chefiar-procuradoria-do-cade","status":"publish","type":"post","link":"https:\/\/blogs.correiobraziliense.com.br\/servidor\/membros-da-agu-questionam-nomeacao-de-advogado-privado-com-sabatina-marcada-no-senado-para-chefiar-procuradoria-do-cade\/","title":{"rendered":"Membros da AGU questionam nomea\u00e7\u00e3o de advogado privado, com sabatina marcada no Senado, para chefiar Procuradoria do Cade"},"content":{"rendered":"<p><em>A Associa\u00e7\u00e3o Nacional dos Advogados P\u00fablicos Federais (Anafe) \u00e9 contra a nomea\u00e7\u00e3o do advogado Walter de Agra J\u00fanior, para chefiar a Procuradoria Federal Especializada junto ao Conselho Administrativo de Defesa Econ\u00f4mica (Cade). De acordo a Ag\u00eancia Senado, a Comiss\u00e3o de Assuntos Econ\u00f4micos (CAE) realizar\u00e1, na pr\u00f3xima ter\u00e7a-feira (19), do advogado, que n\u00e3o integra nenhuma das quatro carreiras da AGU.<\/em><\/p>\n<p>Em agosto deste ano, a Anafe encaminhou of\u00edcio \u00e0 Presid\u00eancia da Rep\u00fablica e \u00e0 Advocacia-Geral da Uni\u00e3o (AGU) questionando a indica\u00e7\u00e3o de Agra, feita pelo presidente Michel Temer \u00e0 \u00e9poca, para o cargo de procurador-chefe do Cade.\u00a0De acordo com a entidade, a nomea\u00e7\u00e3o \u201cconstitui uma afronta, al\u00e9m de um desprest\u00edgio, a representa\u00e7\u00e3o constitucional conferida \u00e0 AGU para o exerc\u00edcio das atividades de assessoria jur\u00eddica e da representa\u00e7\u00e3o judicial e extrajudicial dos Poderes da Uni\u00e3o e de suas autarquias e funda\u00e7\u00f5es p\u00fablicas federais\u201d.<\/p>\n<p>\u201cAl\u00e9m da Lei Org\u00e2nica da Advocacia-Geral da Uni\u00e3o e da Constitui\u00e7\u00e3o Federal, temos diversas disposi\u00e7\u00f5es legislativas que ratificam a necessidade de concurso p\u00fablico para o ingresso e a posse em cargos da AGU. Portanto, n\u00e3o podemos aceitar que haja uma nomea\u00e7\u00e3o de advogado privado para chefiar um \u00f3rg\u00e3o t\u00e3o importante da Institui\u00e7\u00e3o\u201d, afirma o presidente da Anafe, Marcelino Rodrigues.<\/p>\n<p><strong>Procuradoria do Cade<\/strong><\/p>\n<p>A Procuradoria Federal Especializada junto ao Cade \u00e9 uma unidade da Procuradoria-Geral Federal, vinculada \u00e0 AGU, com compet\u00eancia de prestar consultoria e assessoramento jur\u00eddico e representar a autarquia judicial e extrajudicialmente.<\/p>\n<p>Desde outubro de 2008, a Procuradoria tem sido chefiada, com \u00eaxito, por membros das carreiras da AGU. Eventual nomea\u00e7\u00e3o de advogado privado para o exerc\u00edcio da fun\u00e7\u00e3o p\u00fablica constitucionalmente atribu\u00edda \u00e0 AGU, al\u00e9m de violar o artigo 131 da Constitui\u00e7\u00e3o da Rep\u00fablica, implicar\u00e1 em grave retrocesso institucional e desprest\u00edgio \u00e0 institui\u00e7\u00e3o e aos seus membros, destaca a Anafe.<\/p>\n","protected":false},"excerpt":{"rendered":"<p>A Associa\u00e7\u00e3o Nacional dos Advogados P\u00fablicos Federais (Anafe) \u00e9 contra a nomea\u00e7\u00e3o do advogado Walter de Agra J\u00fanior, para chefiar a Procuradoria Federal Especializada junto ao Conselho Administrativo de Defesa Econ\u00f4mica (Cade). De acordo a Ag\u00eancia Senado, a Comiss\u00e3o de Assuntos Econ\u00f4micos (CAE) realizar\u00e1, na pr\u00f3xima ter\u00e7a-feira (19), do advogado, que n\u00e3o integra nenhuma das quatro carreiras da AGU. Em [&hellip;]<\/p>\n","protected":false},"author":27,"featured_media":0,"comment_status":"open","ping_status":"closed","sticky":false,"template":"","format":"standard","meta":{"footnotes":""},"categories":[2719],"tags":[4291,4269,157,1234,954,2780,55,8434,2584,8437,2165,156,2474,307,962,8722,8721,8386,696,330],"class_list":["post-6700","post","type-post","status-publish","format-standard","hentry","category-servidor","tag-advogado","tag-afronta","tag-agu","tag-anafe","tag-cade","tag-cae","tag-carreiras","tag-chefiar","tag-constituicao","tag-desprestigio","tag-indicacao","tag-membros","tag-michel-temer","tag-nomeacao","tag-privado","tag-procuradoria","tag-quesionam","tag-sabatina","tag-senado","tag-uniao"],"_links":{"self":[{"href":"https:\/\/blogs.correiobraziliense.com.br\/servidor\/wp-json\/wp\/v2\/posts\/6700","targetHints":{"allow":["GET"]}}],"collection":[{"href":"https:\/\/blogs.correiobraziliense.com.br\/servidor\/wp-json\/wp\/v2\/posts"}],"about":[{"href":"https:\/\/blogs.correiobraziliense.com.br\/servidor\/wp-json\/wp\/v2\/types\/post"}],"author":[{"embeddable":true,"href":"https:\/\/blogs.correiobraziliense.com.br\/servidor\/wp-json\/wp\/v2\/users\/27"}],"replies":[{"embeddable":true,"href":"https:\/\/blogs.correiobraziliense.com.br\/servidor\/wp-json\/wp\/v2\/comments?post=6700"}],"version-history":[{"count":1,"href":"https:\/\/blogs.correiobraziliense.com.br\/servidor\/wp-json\/wp\/v2\/posts\/6700\/revisions"}],"predecessor-version":[{"id":6701,"href":"https:\/\/blogs.correiobraziliense.com.br\/servidor\/wp-json\/wp\/v2\/posts\/6700\/revisions\/6701"}],"wp:attachment":[{"href":"https:\/\/blogs.correiobraziliense.com.br\/servidor\/wp-json\/wp\/v2\/media?parent=6700"}],"wp:term":[{"taxonomy":"category","embeddable":true,"href":"https:\/\/blogs.correiobraziliense.com.br\/servidor\/wp-json\/wp\/v2\/categories?post=6700"},{"taxonomy":"post_tag","embeddable":true,"href":"https:\/\/blogs.correiobraziliense.com.br\/servidor\/wp-json\/wp\/v2\/tags?post=6700"}],"curies":[{"name":"wp","href":"https:\/\/api.w.org\/{rel}","templated":true}]}}