{"id":6690,"date":"2017-09-13T21:12:03","date_gmt":"2017-09-14T00:12:03","guid":{"rendered":"https:\/\/blogs.correiobraziliense.com.br\/servidor\/?p=6690"},"modified":"2017-09-13T21:12:03","modified_gmt":"2017-09-14T00:12:03","slug":"trabalho-dos-membros-da-agu-ja-gerou-economia-de-mais-de-r-25-bi-em-2017","status":"publish","type":"post","link":"https:\/\/blogs.correiobraziliense.com.br\/servidor\/trabalho-dos-membros-da-agu-ja-gerou-economia-de-mais-de-r-25-bi-em-2017\/","title":{"rendered":"Trabalho dos membros da AGU j\u00e1 gerou economia de mais de R$ 25 bi em 2017"},"content":{"rendered":"<p><em>Os advogados p\u00fablicos federais t\u00eam redobrado as a\u00e7\u00f5es da Advocacia-Geral da Uni\u00e3o (AGU) para auxiliar no cumprimento das metas fiscais, informou a Associa\u00e7\u00e3o Nacional dos Advogados P\u00fablicos Federais (Anafe). De acordo com a entidade, o resultado desse esfor\u00e7o \u00e9 demonstrado na recupera\u00e7\u00e3o de R$ 27 bilh\u00f5es para os cofres da Uni\u00e3o, somente nos seis primeiros meses do ano. O valor \u00e9 calculado tamb\u00e9m sobre as perdas que foram evitadas no per\u00edodo.<\/em><\/p>\n<p><span style=\"font-family: arial,helvetica,sans-serif\">A estimativa \u00e9 que, at\u00e9 o fim do ano, este valor chegue a R$ 60 bilh\u00f5es. Isso se deve \u00e0 capacidade dos advogados atuarem em favor dos interesses da Uni\u00e3o e, com isso, evitarem que os recursos p\u00fablicos saiam indevidamente dos cofres, ou mesmo, na eventualidade de uma liminar j\u00e1 deferida, reverterem as decis\u00f5es judiciais, reavendo esses recursos.<\/span><\/p>\n<p><strong><span style=\"font-family: arial,helvetica,sans-serif\">Em favor da sociedade<\/span><\/strong><\/p>\n<p><span style=\"font-family: arial,helvetica,sans-serif\">O trabalho dos membros da AGU tem capacidade de contribuir para a recupera\u00e7\u00e3o do pa\u00eds, em especial, no momento atual de crise, explicou a Anafe. Os recursos poupados pela Institui\u00e7\u00e3o s\u00e3o revertidos em favor da sociedade. O resguardo do dinheiro p\u00fablico decorre de a\u00e7\u00f5es ajuizadas e das contesta\u00e7\u00f5es apresentadas em diversos processos. S\u00e3o a\u00e7\u00f5es de toda a natureza, como trabalhista, responsabilidade de empresas terceirizadas, a\u00e7\u00f5es do setor el\u00e9trico etc.<\/span><\/p>\n<p><span style=\"font-family: arial,helvetica,sans-serif\">Exemplos recentes, obtidos j\u00e1 no m\u00eas setembro deste ano s\u00e3o provas da import\u00e2ncia do trabalho dos membros desta fun\u00e7\u00e3o essencial \u00e0 Justi\u00e7a, como a atua\u00e7\u00e3o conjunta na Su\u00ed\u00e7a da AGU e do Minist\u00e9rio da Justi\u00e7a, que obteve o bloqueio de US$ 3,4 milh\u00f5es de envolvidos no esquema de evas\u00e3o de divisas e lavagem de dinheiro conhecido como \u201cpropinoduto\u201d.<\/span><\/p>\n<p><span style=\"font-family: arial,helvetica,sans-serif\">Outros exemplos foram os R$ 985,6 mil economizados ao evitar que o Estado de Pernambuco fizesse um novo repasse de recursos federais a um munic\u00edpio, sem ter prestado contas de valores anteriormente recebidos.\u00a0<\/span><\/p>\n<p><span style=\"font-family: arial,helvetica,sans-serif\">A atua\u00e7\u00e3o da AGU tamb\u00e9m garantiu que a Uni\u00e3o recebesse R$ 149,8 milh\u00f5es relacionados \u00e0 concess\u00e3o do Aeroporto Internacional de Viracopos, em Campinas (SP). O pagamento ocorreu ap\u00f3s a obten\u00e7\u00e3o de decis\u00f5es favor\u00e1veis em diversos processos em que a concession\u00e1ria que administra o terminal, a Aeroportos Brasil Viracopos (ABV), questionava o repasse.<\/span><\/p>\n","protected":false},"excerpt":{"rendered":"<p>Os advogados p\u00fablicos federais t\u00eam redobrado as a\u00e7\u00f5es da Advocacia-Geral da Uni\u00e3o (AGU) para auxiliar no cumprimento das metas fiscais, informou a Associa\u00e7\u00e3o Nacional dos Advogados P\u00fablicos Federais (Anafe). De acordo com a entidade, o resultado desse esfor\u00e7o \u00e9 demonstrado na recupera\u00e7\u00e3o de R$ 27 bilh\u00f5es para os cofres da Uni\u00e3o, somente nos seis primeiros meses do ano. O valor [&hellip;]<\/p>\n","protected":false},"author":27,"featured_media":0,"comment_status":"open","ping_status":"closed","sticky":false,"template":"","format":"standard","meta":{"footnotes":""},"categories":[2719],"tags":[157,1234,960,2645,366,88,6176,1680,156,668,24,2142,316,351,261,330],"class_list":["post-6690","post","type-post","status-publish","format-standard","hentry","category-servidor","tag-agu","tag-anafe","tag-bilhoes","tag-cofres","tag-crise","tag-economia","tag-esforco","tag-interesses","tag-membros","tag-perdas","tag-publicos","tag-recuperacao","tag-recursos","tag-sociedade","tag-trabalho","tag-uniao"],"_links":{"self":[{"href":"https:\/\/blogs.correiobraziliense.com.br\/servidor\/wp-json\/wp\/v2\/posts\/6690","targetHints":{"allow":["GET"]}}],"collection":[{"href":"https:\/\/blogs.correiobraziliense.com.br\/servidor\/wp-json\/wp\/v2\/posts"}],"about":[{"href":"https:\/\/blogs.correiobraziliense.com.br\/servidor\/wp-json\/wp\/v2\/types\/post"}],"author":[{"embeddable":true,"href":"https:\/\/blogs.correiobraziliense.com.br\/servidor\/wp-json\/wp\/v2\/users\/27"}],"replies":[{"embeddable":true,"href":"https:\/\/blogs.correiobraziliense.com.br\/servidor\/wp-json\/wp\/v2\/comments?post=6690"}],"version-history":[{"count":1,"href":"https:\/\/blogs.correiobraziliense.com.br\/servidor\/wp-json\/wp\/v2\/posts\/6690\/revisions"}],"predecessor-version":[{"id":6691,"href":"https:\/\/blogs.correiobraziliense.com.br\/servidor\/wp-json\/wp\/v2\/posts\/6690\/revisions\/6691"}],"wp:attachment":[{"href":"https:\/\/blogs.correiobraziliense.com.br\/servidor\/wp-json\/wp\/v2\/media?parent=6690"}],"wp:term":[{"taxonomy":"category","embeddable":true,"href":"https:\/\/blogs.correiobraziliense.com.br\/servidor\/wp-json\/wp\/v2\/categories?post=6690"},{"taxonomy":"post_tag","embeddable":true,"href":"https:\/\/blogs.correiobraziliense.com.br\/servidor\/wp-json\/wp\/v2\/tags?post=6690"}],"curies":[{"name":"wp","href":"https:\/\/api.w.org\/{rel}","templated":true}]}}