{"id":6673,"date":"2017-09-13T12:20:16","date_gmt":"2017-09-13T15:20:16","guid":{"rendered":"https:\/\/blogs.correiobraziliense.com.br\/servidor\/?p=6673"},"modified":"2017-09-13T12:20:16","modified_gmt":"2017-09-13T15:20:16","slug":"bndes-nota-sobre-jbs","status":"publish","type":"post","link":"https:\/\/blogs.correiobraziliense.com.br\/servidor\/bndes-nota-sobre-jbs\/","title":{"rendered":"BNDES &#8211; Nota sobre a JBS"},"content":{"rendered":"<div align=\"center\"><\/div>\n<div>\n<p><em>O Banco Nacional de Desenvolvimento Social (BNDES) informou, por meio de nota, que, com a pris\u00e3o de Joesley Batista, CEO da JBS, ser\u00e1 escolhido um novo administrador. O banco, detentor de 21,3% do capital da empresa, por meio de sua subsidi\u00e1ria de participa\u00e7\u00f5es, a BNDESPar, vai &#8220;deliberar sobre as medidas a serem tomadas na defesa dos seus direitos e interesses com rela\u00e7\u00e3o \u00e0s responsabilidades por preju\u00edzos causados por administradores, ex-administradores e controladores envolvidos em atos il\u00edcitos por eles j\u00e1 confessados&#8221;, destaca o documento.<\/em><\/p>\n<p>Veja a nota:<\/p>\n<p>Com a pris\u00e3o nesta manh\u00e3 do CEO da JBS, o Conselho de Administra\u00e7\u00e3o da companhia \u00e9 a inst\u00e2ncia adequada para escolher um administrador interino nos termos da Lei 6.404\/76 (Lei das S.A.). Para o BNDES, qualquer que seja o desenrolar destes fatos, contribuiria para o melhor interesse da companhia, e para a sua preserva\u00e7\u00e3o e sustenta\u00e7\u00e3o, o in\u00edcio de uma renova\u00e7\u00e3o de seus quadros estatut\u00e1rios, inclusive com a abertura de um processo seletivo para a escolha de um novo CEO para a empresa em car\u00e1ter definitivo.<\/p>\n<p>Independentemente do ocorrido hoje, o BNDES (detentor de 21,3% do capital da empresa por meio de sua subsidi\u00e1ria de participa\u00e7\u00f5es, a BNDESPAR) mant\u00e9m sua posi\u00e7\u00e3o em rela\u00e7\u00e3o \u00e0 realiza\u00e7\u00e3o da Assembleia Geral Extraordin\u00e1ria (AGE) para delibera\u00e7\u00e3o acerca das medidas a serem tomadas pela companhia na defesa dos seus direitos e interesses com rela\u00e7\u00e3o \u00e0s responsabilidades por preju\u00edzos causados por administradores, ex-administradores e controladores envolvidos em atos il\u00edcitos por eles j\u00e1 confessados.<\/p>\n<p>O BNDES informa ainda que recorreu da decis\u00e3o judicial que suspendeu a realiza\u00e7\u00e3o da assembleia por 15 dias no \u00faltimo dia 1\u00b0 de setembro. O Banco entende que a assembleia deve acontecer o quanto antes e sem o conflito de interesses que seria caracterizado pelo voto dos controladores, quest\u00e3o que foi levantada pela BNDESPAR, em conjunto com a Caixa Econ\u00f4mica Federal, e acolhida pelo Judici\u00e1rio de 1\u00aa inst\u00e2ncia em decis\u00e3o liminar.<\/p>\n<p>Dessa forma, as decis\u00f5es poder\u00e3o ser tomadas na assembleia de acordo com o melhor interesse da companhia, em plena observ\u00e2ncia do que determina a legisla\u00e7\u00e3o em vigor. O BNDES mant\u00e9m integralmente a sua inten\u00e7\u00e3o de voto na assembleia. Todas as posi\u00e7\u00f5es que ser\u00e3o defendidas pela BNDESPAR j\u00e1 foram tornadas p\u00fablicas no site do BNDES em 14 de agosto com a publica\u00e7\u00e3o do voto no link <a href=\"http:\/\/bit.ly\/2gwBpVF\" target=\"_blank\">http:\/\/bit.ly\/2gwBpVF<\/a>.<\/p>\n<\/div>\n","protected":false},"excerpt":{"rendered":"<p>O Banco Nacional de Desenvolvimento Social (BNDES) informou, por meio de nota, que, com a pris\u00e3o de Joesley Batista, CEO da JBS, ser\u00e1 escolhido um novo administrador. O banco, detentor de 21,3% do capital da empresa, por meio de sua subsidi\u00e1ria de participa\u00e7\u00f5es, a BNDESPar, vai &#8220;deliberar sobre as medidas a serem tomadas na defesa dos seus direitos e interesses [&hellip;]<\/p>\n","protected":false},"author":27,"featured_media":0,"comment_status":"open","ping_status":"closed","sticky":false,"template":"","format":"standard","meta":{"footnotes":""},"categories":[2719],"tags":[2933,651,2739,8695,1463,5040,6280,1201,619,1459,1680,5451,64,2092,617,1578,37,1518,1038,3244,7583],"class_list":["post-6673","post","type-post","status-publish","format-standard","hentry","category-servidor","tag-administradores","tag-atos","tag-bndes","tag-bndespar","tag-capital","tag-ceo","tag-controladores","tag-defesa","tag-direitos","tag-ilicitos","tag-interesses","tag-jbs","tag-judiciario","tag-legislacao","tag-liminar","tag-medidas","tag-nota","tag-prejuizos","tag-prisao","tag-responsabilidades","tag-subsidiaria"],"_links":{"self":[{"href":"https:\/\/blogs.correiobraziliense.com.br\/servidor\/wp-json\/wp\/v2\/posts\/6673","targetHints":{"allow":["GET"]}}],"collection":[{"href":"https:\/\/blogs.correiobraziliense.com.br\/servidor\/wp-json\/wp\/v2\/posts"}],"about":[{"href":"https:\/\/blogs.correiobraziliense.com.br\/servidor\/wp-json\/wp\/v2\/types\/post"}],"author":[{"embeddable":true,"href":"https:\/\/blogs.correiobraziliense.com.br\/servidor\/wp-json\/wp\/v2\/users\/27"}],"replies":[{"embeddable":true,"href":"https:\/\/blogs.correiobraziliense.com.br\/servidor\/wp-json\/wp\/v2\/comments?post=6673"}],"version-history":[{"count":1,"href":"https:\/\/blogs.correiobraziliense.com.br\/servidor\/wp-json\/wp\/v2\/posts\/6673\/revisions"}],"predecessor-version":[{"id":6674,"href":"https:\/\/blogs.correiobraziliense.com.br\/servidor\/wp-json\/wp\/v2\/posts\/6673\/revisions\/6674"}],"wp:attachment":[{"href":"https:\/\/blogs.correiobraziliense.com.br\/servidor\/wp-json\/wp\/v2\/media?parent=6673"}],"wp:term":[{"taxonomy":"category","embeddable":true,"href":"https:\/\/blogs.correiobraziliense.com.br\/servidor\/wp-json\/wp\/v2\/categories?post=6673"},{"taxonomy":"post_tag","embeddable":true,"href":"https:\/\/blogs.correiobraziliense.com.br\/servidor\/wp-json\/wp\/v2\/tags?post=6673"}],"curies":[{"name":"wp","href":"https:\/\/api.w.org\/{rel}","templated":true}]}}