{"id":6671,"date":"2017-09-13T12:11:41","date_gmt":"2017-09-13T15:11:41","guid":{"rendered":"https:\/\/blogs.correiobraziliense.com.br\/servidor\/?p=6671"},"modified":"2017-09-13T12:11:41","modified_gmt":"2017-09-13T15:11:41","slug":"exigencia-de-informar-exame-toxicologico-no-caged-comeca-nesta-quarta","status":"publish","type":"post","link":"https:\/\/blogs.correiobraziliense.com.br\/servidor\/exigencia-de-informar-exame-toxicologico-no-caged-comeca-nesta-quarta\/","title":{"rendered":"Exig\u00eancia de informar exame toxicol\u00f3gico no Caged come\u00e7a nesta quarta"},"content":{"rendered":"<p><i>Portaria n\u00ba 945 do Minist\u00e9rio do Trabalho exige que os exames sejam feitos antes da admiss\u00e3o e por ocasi\u00e3o do desligamento. Os exames s\u00e3o custeados pelas empresas e a regra vale para motoristas profissionais de ve\u00edculos de pequeno e m\u00e9dio portes, de \u00f4nibus urbanos, metropolitanos e rodovi\u00e1rios e de cargas em geral<br \/>\n<\/i><\/p>\n<p>A partir desta quarta-feira (13), as empresas ter\u00e3o de informar ao Cadastro Geral de Empregados e Desempregados (Caged) a realiza\u00e7\u00e3o de exame toxicol\u00f3gico nos motoristas admitidos e demitidos. A Portaria n\u00ba 945, do Minist\u00e9rio do Trabalho, exige exames toxicol\u00f3gicos, realizados previamente \u00e0 admiss\u00e3o e por ocasi\u00e3o do desligamento, quando se tratar de motorista profissional, assegurados o direito \u00e0 contraprova em caso de resultado positivo e \u00e0 confidencialidade dos resultados dos respectivos exames.<\/p>\n<p>Os exames s\u00e3o custeados pelas empresas e a regra vale para motoristas profissionais de ve\u00edculos de pequeno e m\u00e9dio portes, de \u00f4nibus urbanos, metropolitanos e rodovi\u00e1rios e de cargas em geral.<\/p>\n<p>Al\u00e9m do n\u00famero do exame toxicol\u00f3gico, o empregador dever\u00e1 informar ao Caged a data do exame, o CNPJ do laborat\u00f3rio, a unidade federativa do Conselho Regional de Medicina e o n\u00famero do CRM do m\u00e9dico.<\/p>\n<p>O exame toxicol\u00f3gico de que trata a portaria somente poder\u00e1 ser realizado por laborat\u00f3rios acreditados pelo CAP-FDT (acredita\u00e7\u00e3o forense para exames toxicol\u00f3gicos de larga janela de detec\u00e7\u00e3o do Col\u00e9gio Americano de Patologia) ou por acredita\u00e7\u00e3o concedida pelo Inmetro, de acordo com a Norma ABNT NBR ISO\/IEC 17025, com requisitos espec\u00edficos que incluam integralmente as &#8220;Diretrizes sobre o Exame de Drogas em Cabelos e Pelos: Coleta e An\u00e1lise&#8221;, da Sociedade Brasileira de Toxicologia, al\u00e9m de requisitos adicionais de toxicologia forense reconhecidos internacionalmente.<\/p>\n<p>A exig\u00eancia, segundo o ministro do Trabalho, Ronaldo Nogueira, tem como objetivo conferir mais efetividade ao cumprimento dos \u00a7\u00a76\u00ba e 7\u00ba, do art. 168 da CLT, bem como de sua regulamenta\u00e7\u00e3o pela Portaria MTb n\u00ba 116\/2015.<\/p>\n<p>&#8220;Estamos refor\u00e7ando o apoio ao combate ao uso de drogas nas rodovias, protegendo o trabalhador de excesso de jornadas e promovendo mais seguran\u00e7a nas nossas estradas&#8221;, destaca o ministro. &#8220;\u00c9 um refor\u00e7o ao combate ao uso de drogas nas rodovias e uma prote\u00e7\u00e3o ao trabalhador de excesso de jornadas. A sociedade toda \u00e9 beneficiada com mais seguran\u00e7a nas nossas rodovias&#8221;, destaca.<\/p>\n<p>As empresas come\u00e7aram a ser notificadas das mudan\u00e7as no Caged no dia 6 de julho, de modo que tivessem mais tempo para se adequar \u00e0s novas regras. A empresa que n\u00e3o declarar as informa\u00e7\u00f5es exigidas no Caged fica inadimplente com o Minist\u00e9rio do Trabalho e poder\u00e1 sofrer multas previstas em lei.<\/p>\n<p>O coordenador Geral do Caged, Mario Magalh\u00e3es, afirma que todos os recursos necess\u00e1rios foram implementados para que as empresas n\u00e3o tenham dificuldades em operar o sistema. &#8220;Contudo, \u00e9 s\u00f3 a partir de agora que poderemos aferir os resultados com precis\u00e3o. Por enquanto, fomos procurados apenas para esclarecer d\u00favidas das empresas&#8221;, ressalta Magalh\u00e3es.<\/p>\n<p>Veja as orienta\u00e7\u00f5es do Minist\u00e9rio do Trabalho no link: <a href=\"http:\/\/trabalho.gov.br\/images\/Documentos\/Caged\/orientacoes-portaria-exame-toxicologico.pdf\"> http:\/\/trabalho.gov.br\/images\/Documentos\/Caged\/orientacoes-portaria-exame-toxicologico.pdf<\/a><\/p>\n","protected":false},"excerpt":{"rendered":"<p>Portaria n\u00ba 945 do Minist\u00e9rio do Trabalho exige que os exames sejam feitos antes da admiss\u00e3o e por ocasi\u00e3o do desligamento. Os exames s\u00e3o custeados pelas empresas e a regra vale para motoristas profissionais de ve\u00edculos de pequeno e m\u00e9dio portes, de \u00f4nibus urbanos, metropolitanos e rodovi\u00e1rios e de cargas em geral A partir desta quarta-feira (13), as empresas ter\u00e3o [&hellip;]<\/p>\n","protected":false},"author":27,"featured_media":0,"comment_status":"open","ping_status":"closed","sticky":false,"template":"","format":"standard","meta":{"footnotes":""},"categories":[2719],"tags":[8694,5851,4246,8693,2803,2272,6798,8692,8691,7927,8690,1598,390,2723,6001,287,7477,1586,7930,2841,6234,430,8064,7931,4879,1075,361,3379,2508,5766,7924,5667,838],"class_list":["post-6671","post","type-post","status-publish","format-standard","hentry","category-servidor","tag-abnt-nbr-isoiec-17025","tag-admissao","tag-caged","tag-cap-fdt","tag-cargas","tag-clt","tag-cnpj","tag-confidencialidade","tag-contraprova","tag-crm","tag-custados","tag-desligamento","tag-empresas","tag-exame","tag-exigencia","tag-laboratorio","tag-medico","tag-medio","tag-metropolitanos","tag-ministerio-do-trabalho","tag-motoristas","tag-onibus","tag-pequenos","tag-portaria-945","tag-positivo","tag-profissionais","tag-regra","tag-requisitos","tag-resultado","tag-rodoviarios","tag-toxicologico","tag-urbanos","tag-veiculos"],"_links":{"self":[{"href":"https:\/\/blogs.correiobraziliense.com.br\/servidor\/wp-json\/wp\/v2\/posts\/6671","targetHints":{"allow":["GET"]}}],"collection":[{"href":"https:\/\/blogs.correiobraziliense.com.br\/servidor\/wp-json\/wp\/v2\/posts"}],"about":[{"href":"https:\/\/blogs.correiobraziliense.com.br\/servidor\/wp-json\/wp\/v2\/types\/post"}],"author":[{"embeddable":true,"href":"https:\/\/blogs.correiobraziliense.com.br\/servidor\/wp-json\/wp\/v2\/users\/27"}],"replies":[{"embeddable":true,"href":"https:\/\/blogs.correiobraziliense.com.br\/servidor\/wp-json\/wp\/v2\/comments?post=6671"}],"version-history":[{"count":1,"href":"https:\/\/blogs.correiobraziliense.com.br\/servidor\/wp-json\/wp\/v2\/posts\/6671\/revisions"}],"predecessor-version":[{"id":6672,"href":"https:\/\/blogs.correiobraziliense.com.br\/servidor\/wp-json\/wp\/v2\/posts\/6671\/revisions\/6672"}],"wp:attachment":[{"href":"https:\/\/blogs.correiobraziliense.com.br\/servidor\/wp-json\/wp\/v2\/media?parent=6671"}],"wp:term":[{"taxonomy":"category","embeddable":true,"href":"https:\/\/blogs.correiobraziliense.com.br\/servidor\/wp-json\/wp\/v2\/categories?post=6671"},{"taxonomy":"post_tag","embeddable":true,"href":"https:\/\/blogs.correiobraziliense.com.br\/servidor\/wp-json\/wp\/v2\/tags?post=6671"}],"curies":[{"name":"wp","href":"https:\/\/api.w.org\/{rel}","templated":true}]}}