{"id":667,"date":"2015-12-07T20:29:30","date_gmt":"2015-12-07T22:29:30","guid":{"rendered":"https:\/\/blogs.correiobraziliense.com.br\/servidor\/?p=667"},"modified":"2015-12-07T20:29:30","modified_gmt":"2015-12-07T22:29:30","slug":"unafe-discorda-de-argumentos-da-anauni","status":"publish","type":"post","link":"https:\/\/blogs.correiobraziliense.com.br\/servidor\/unafe-discorda-de-argumentos-da-anauni\/","title":{"rendered":"UNAFE DISCORDA DE ARGUMENTOS DA ANAUNI"},"content":{"rendered":"<div>Com o objetivo de abrir espa\u00e7o a opini\u00f5es divergentes, o Blog do Servidor divulga nota da Associa\u00e7\u00e3o da Uni\u00e3o dos Advogados P\u00fablicos Federais do Brasil (Unafe) desmentindo mat\u00e9ria divulgada recentemente por outra entidade, a Associa\u00e7\u00e3o Nacional dos Advogados da Uni\u00e3o (Anauni). De acordo com a Unafe, os dados anteriores est\u00e3o &#8220;errados&#8221;. &#8220;A\u00a0not\u00edcia informa que os advogados p\u00fablicos federais rejeitam a unifica\u00e7\u00e3o das carreiras da AGU, quando na verdade o que ocorreu foi o contr\u00e1rio&#8221;, explicou.<\/div>\n<div>\n<div>A Unafe esclareceu, tamb\u00e9m, que a Anauni \u00e9 a \u00fanica das sete entidades representativas da Advocacia P\u00fablica Federal que se declarou contr\u00e1ria \u00e0 unifica\u00e7\u00e3o. &#8220;Sendo assim, a maioria absoluta das entidades \u00e9 favor\u00e1vel e o verdadeiro resultado da enquete da AGU tamb\u00e9m indicou que a maioria dos membros da institui\u00e7\u00e3o tamb\u00e9m votam sim.&#8221; A Unafe comprovou sua declara\u00e7\u00e3o com a pesquisa, no site da AGU, a partir da base de dados com aproximadamente 12 mil membros, entre ativos e inativos, aptos a votar no mapeamento e participar da pesquisa, que foi encaminhada ao e-mail individual de cada um dos participantes por meio de chaves individuais de acesso.<\/div>\n<div><\/div>\n<div>No total de participantes, foram computados um total de 6.492 votos, dentre os quais 6.444 votos v\u00e1lidos e 48 votos nulos, considerando, como crit\u00e9rio de ado\u00e7\u00e3o da medida, a utiliza\u00e7\u00e3o de express\u00f5es injuriosas e em desacordo com os deveres de respeito e urbanidade que regem a administra\u00e7\u00e3o p\u00fablica.<\/div>\n<\/div>\n<div><\/div>\n<div>\n<p>No dia 3 de dezembro a Anauni fez quest\u00e3o de informar, neste espa\u00e7o, que a&#8221;assessoria de imprensa do advogado-geral da Uni\u00e3o, Lu\u00eds In\u00e1cio Adams, asseverou que a &#8216;Unifica\u00e7\u00e3o das carreiras da AGU \u00e9 apoiada por 72% dos membros da institui\u00e7\u00e3o&#8217;, o que n\u00e3o \u00e9 um fato ver\u00eddico, representando um direcionamento inexato das conclus\u00f5es da referida pesquisa.&#8221;<\/p>\n<p>Para a Anauni, no resultado da enquete, constata-se que &#8220;67% dos advogados da Uni\u00e3o e 58% dos procuradores da Fazenda Nacional se posicionaram contra a unifica\u00e7\u00e3o de carreiras. Nada obstante, a maioria dos integrantes das carreiras que s\u00e3o respons\u00e1veis pela representa\u00e7\u00e3o e assessoramento das autarquias e funda\u00e7\u00f5es p\u00fablicas federais manifestaram o seu intento de querer exercer suas atribui\u00e7\u00f5es tamb\u00e9m no \u00e2mbito da AGU&#8221;.<\/p>\n<\/div>\n<p>&nbsp;<\/p>\n","protected":false},"excerpt":{"rendered":"<p>Com o objetivo de abrir espa\u00e7o a opini\u00f5es divergentes, o Blog do Servidor divulga nota da Associa\u00e7\u00e3o da Uni\u00e3o dos Advogados P\u00fablicos Federais do Brasil (Unafe) desmentindo mat\u00e9ria divulgada recentemente por outra entidade, a Associa\u00e7\u00e3o Nacional dos Advogados da Uni\u00e3o (Anauni). De acordo com a Unafe, os dados anteriores est\u00e3o &#8220;errados&#8221;. &#8220;A\u00a0not\u00edcia informa que os advogados p\u00fablicos federais rejeitam a [&hellip;]<\/p>\n","protected":false},"author":27,"featured_media":0,"comment_status":"open","ping_status":"closed","sticky":false,"template":"","format":"standard","meta":{"footnotes":""},"categories":[1],"tags":[186,185,188,184,187,183,159],"class_list":["post-667","post","type-post","status-publish","format-standard","hentry","category-sem-categoria","tag-anauni","tag-argumentos","tag-carreira","tag-discorda","tag-pesquisa","tag-unafe","tag-unificacao"],"_links":{"self":[{"href":"https:\/\/blogs.correiobraziliense.com.br\/servidor\/wp-json\/wp\/v2\/posts\/667","targetHints":{"allow":["GET"]}}],"collection":[{"href":"https:\/\/blogs.correiobraziliense.com.br\/servidor\/wp-json\/wp\/v2\/posts"}],"about":[{"href":"https:\/\/blogs.correiobraziliense.com.br\/servidor\/wp-json\/wp\/v2\/types\/post"}],"author":[{"embeddable":true,"href":"https:\/\/blogs.correiobraziliense.com.br\/servidor\/wp-json\/wp\/v2\/users\/27"}],"replies":[{"embeddable":true,"href":"https:\/\/blogs.correiobraziliense.com.br\/servidor\/wp-json\/wp\/v2\/comments?post=667"}],"version-history":[{"count":1,"href":"https:\/\/blogs.correiobraziliense.com.br\/servidor\/wp-json\/wp\/v2\/posts\/667\/revisions"}],"predecessor-version":[{"id":668,"href":"https:\/\/blogs.correiobraziliense.com.br\/servidor\/wp-json\/wp\/v2\/posts\/667\/revisions\/668"}],"wp:attachment":[{"href":"https:\/\/blogs.correiobraziliense.com.br\/servidor\/wp-json\/wp\/v2\/media?parent=667"}],"wp:term":[{"taxonomy":"category","embeddable":true,"href":"https:\/\/blogs.correiobraziliense.com.br\/servidor\/wp-json\/wp\/v2\/categories?post=667"},{"taxonomy":"post_tag","embeddable":true,"href":"https:\/\/blogs.correiobraziliense.com.br\/servidor\/wp-json\/wp\/v2\/tags?post=667"}],"curies":[{"name":"wp","href":"https:\/\/api.w.org\/{rel}","templated":true}]}}