{"id":6644,"date":"2017-09-12T11:38:13","date_gmt":"2017-09-12T14:38:13","guid":{"rendered":"https:\/\/blogs.correiobraziliense.com.br\/servidor\/?p=6644"},"modified":"2017-09-12T11:38:13","modified_gmt":"2017-09-12T14:38:13","slug":"contribuicao-sindical-pode-ser-maior","status":"publish","type":"post","link":"https:\/\/blogs.correiobraziliense.com.br\/servidor\/contribuicao-sindical-pode-ser-maior\/","title":{"rendered":"Contribui\u00e7\u00e3o sindical pode ser maior"},"content":{"rendered":"<p><em>ROSANA HESSEL<\/em><\/p>\n<p>Os sindicatos negociam com o governo a volta da contribui\u00e7\u00e3o compuls\u00f3ria do trabalhador na Medida Provis\u00f3ria (MP) que dever\u00e1 ser publicada em outubro alterando alguns termos da reforma trabalhista, sancionada em julho. E o imposto sindical proposto poder\u00e1 ficar mais caro para quem n\u00e3o \u00e9 sindicalizados do que o anterior, que equivalia a um dia de sal\u00e1rio.<\/p>\n<p>Em reuni\u00e3o com o presidente Michel Temer e os ministros da Fazenda, Henrique Meirelles, das Comunica\u00e7\u00f5es, Gilberto Kassab, e do Trabalho, Ronaldo Nogueira, o presidente da Uni\u00e3o Geral dos Trabalhadores (UGT), Ricardo Patah apresentou proposta para a cria\u00e7\u00e3o de uma \u00fanica contribui\u00e7\u00e3o sindical, que seria aprovada em assembleia, e substituiria as tr\u00eas existentes atualmente \u2014 o imposto compuls\u00f3rio, o sindical (paga pelos associados) e o assistencial.<\/p>\n<p>\u201cA ideia \u00e9 ter uma (contribui\u00e7\u00e3o) ao inv\u00e9s das tr\u00eas. Se juntar as tr\u00eas, a somat\u00f3ria poder\u00e1 ser mais que um dia, mas quem vai definir os valores s\u00e3o os trabalhadores\u201d, afirmou Patah. Ele admitiu que, em alguns casos, essas contribui\u00e7\u00f5es chegam a somar tr\u00eas dias de sal\u00e1rio por ano, mas ele negou que a inten\u00e7\u00e3o dos sindicatos com essa contribui\u00e7\u00e3o seja aumentar a arrecada\u00e7\u00e3o. Segundo ele, o pagamento \u00e9 necess\u00e1rio para \u201ccobrir obriga\u00e7\u00f5es das centrais que n\u00e3o foram retiradas pela reforma\u201d.<\/p>\n<p>O sindicalista refor\u00e7ou que essa nova contribui\u00e7\u00e3o seria institu\u00edda a partir das negocia\u00e7\u00f5es em assembleias e os trabalhadores \u00e9 que definiriam o valor. \u201cQueremos construir dentro do negociado sobre o legislado\u201d, frisou. De acordo com Patah, Temer e Meirelles \u201cdemonstraram simpatia\u201d em rela\u00e7\u00e3o \u00e0 proposta. Procurado, o Planalto informou que \u201co que for de consenso com o Congresso, o governo apoia\u201d, mas acrescentou que \u201cesse consenso precisa ser constru\u00eddo\u201d.<\/p>\n<p>As mudan\u00e7as na Consolida\u00e7\u00e3o das Leis do Trabalho (CLT) entram em vigor em novembro e a medida provis\u00f3ria com pontos que precisam ser alterados a pedido de senadores para a aprova\u00e7\u00e3o da mat\u00e9ria est\u00e1 em fase de constru\u00e7\u00e3o. A previs\u00e3o \u00e9 que a MP seja publicada \u201cnos pr\u00f3ximos 30 dias\u201d, de acordo com o presidente da UGT.<\/p>\n<p>Temer tem novo encontro com representantes de centrais sindicais e do empresariado hoje. A reuni\u00e3o ser\u00e1 no Pal\u00e1cio da Alvorada, seguida de um almo\u00e7o. No card\u00e1pio, segundo fontes palacianas, est\u00e1 a busca de medidas que garantam o aumento do emprego. Segundo Patah, tamb\u00e9m ser\u00e3o discutidas \u201cmedidas para revigorar a economia, quest\u00f5es do cr\u00e9dito, obras paralisadas do Minha Casa Minha Vida e, principalmente, a quest\u00e3o da renova\u00e7\u00e3o das frotas\u201d.<\/p>\n<p>Ele afirmou que apresentou ao presidente uma sugest\u00e3o de MP para impedir a automa\u00e7\u00e3o das redes de supermercados, como ocorreu no passado com os postos de gasolina, quando o peemedebista era presidente da C\u00e2mara dos Deputados.<\/p>\n","protected":false},"excerpt":{"rendered":"<p>ROSANA HESSEL Os sindicatos negociam com o governo a volta da contribui\u00e7\u00e3o compuls\u00f3ria do trabalhador na Medida Provis\u00f3ria (MP) que dever\u00e1 ser publicada em outubro alterando alguns termos da reforma trabalhista, sancionada em julho. E o imposto sindical proposto poder\u00e1 ficar mais caro para quem n\u00e3o \u00e9 sindicalizados do que o anterior, que equivalia a um dia de sal\u00e1rio. Em [&hellip;]<\/p>\n","protected":false},"author":27,"featured_media":0,"comment_status":"open","ping_status":"closed","sticky":false,"template":"","format":"standard","meta":{"footnotes":""},"categories":[2719],"tags":[8663,1259,2272,4213,131,3867,98,853,894,711,643,4319,4314,2157,2966],"class_list":["post-6644","post","type-post","status-publish","format-standard","hentry","category-servidor","tag-automacao","tag-centrais","tag-clt","tag-compulsoria","tag-contribuicao","tag-empresariado","tag-governo","tag-mp","tag-negociacoes","tag-reforma","tag-salario","tag-sindical","tag-sindicalizados","tag-trabalhista","tag-ugt"],"_links":{"self":[{"href":"https:\/\/blogs.correiobraziliense.com.br\/servidor\/wp-json\/wp\/v2\/posts\/6644","targetHints":{"allow":["GET"]}}],"collection":[{"href":"https:\/\/blogs.correiobraziliense.com.br\/servidor\/wp-json\/wp\/v2\/posts"}],"about":[{"href":"https:\/\/blogs.correiobraziliense.com.br\/servidor\/wp-json\/wp\/v2\/types\/post"}],"author":[{"embeddable":true,"href":"https:\/\/blogs.correiobraziliense.com.br\/servidor\/wp-json\/wp\/v2\/users\/27"}],"replies":[{"embeddable":true,"href":"https:\/\/blogs.correiobraziliense.com.br\/servidor\/wp-json\/wp\/v2\/comments?post=6644"}],"version-history":[{"count":1,"href":"https:\/\/blogs.correiobraziliense.com.br\/servidor\/wp-json\/wp\/v2\/posts\/6644\/revisions"}],"predecessor-version":[{"id":6645,"href":"https:\/\/blogs.correiobraziliense.com.br\/servidor\/wp-json\/wp\/v2\/posts\/6644\/revisions\/6645"}],"wp:attachment":[{"href":"https:\/\/blogs.correiobraziliense.com.br\/servidor\/wp-json\/wp\/v2\/media?parent=6644"}],"wp:term":[{"taxonomy":"category","embeddable":true,"href":"https:\/\/blogs.correiobraziliense.com.br\/servidor\/wp-json\/wp\/v2\/categories?post=6644"},{"taxonomy":"post_tag","embeddable":true,"href":"https:\/\/blogs.correiobraziliense.com.br\/servidor\/wp-json\/wp\/v2\/tags?post=6644"}],"curies":[{"name":"wp","href":"https:\/\/api.w.org\/{rel}","templated":true}]}}