{"id":6634,"date":"2017-09-11T13:39:25","date_gmt":"2017-09-11T16:39:25","guid":{"rendered":"https:\/\/blogs.correiobraziliense.com.br\/servidor\/?p=6634"},"modified":"2017-09-11T13:39:25","modified_gmt":"2017-09-11T16:39:25","slug":"empregados-da-ebserh-aprovam-greve-partir-do-dia-19-de-setembro","status":"publish","type":"post","link":"https:\/\/blogs.correiobraziliense.com.br\/servidor\/empregados-da-ebserh-aprovam-greve-partir-do-dia-19-de-setembro\/","title":{"rendered":"Empregados da Ebserh aprovam greve a partir do dia 19 de setembro"},"content":{"rendered":"<div class=\"vc_row wpb_row vc_row-fluid page_margin_top\">\n<div class=\"wpb_column vc_column_container vc_col-sm-8\">\n<div class=\"wpb_wrapper\">\n<div class=\"single post post-4243 type-post status-publish format-standard has-post-thumbnail hentry category-destaque category-ebserh\">\n<div class=\"post_content page_margin_top_section clearfix\">\n<div class=\"content_box full_width\">\n<div class=\"text\">\n<p><em>Decis\u00e3o foi tomada por unanimidade em encontro nacional da categoria, em Bras\u00edlia. Trabalhadores n\u00e3o aceitam redu\u00e7\u00e3o de benef\u00edcios conquistados no ACT vigente. A data-base da categoria \u00e9 1\u00ba de mar\u00e7o.<br \/>\n<\/em><\/p>\n<p>A partir do dia 19 desse m\u00eas, empregados da Ebserh em todo o Brasil v\u00e3o paralisar atividades por tempo indeterminado. A decis\u00e3o de iniciar uma greve foi tomada por unanimidade, no in\u00edcio do m\u00eas, durante encontro nacional da categoria, na sede da Condsef\/Fenadsef, em Bras\u00edlia. A principal motiva\u00e7\u00e3o \u00e9 o emperramento do processo de negocia\u00e7\u00e3o do Acordo Coletivo de Trabalho (ACT). Desde o in\u00edcio do ano, os empregados da Ebserh ano tentam chegar a um acordo com a empresa, sem sucesso.<\/p>\n<p>A morosidade no processo que se arrasta desde dezembro quando a categoria apresentou formalmente sua proposta de ACT \u00e0 empresa n\u00e3o \u00e9 o \u00fanico fator. Na \u00faltima reuni\u00e3o dos empregados com a empresa, os representantes da Ebserh disseram n\u00e3o a todas as cl\u00e1usulas econ\u00f4micas e sociais. Os trabalhadores n\u00e3o querem aceitar a redu\u00e7\u00e3o de benef\u00edcios conquistados no ACT vigente. Vale lembrar que a data base da categoria \u00e9 1\u00ba de mar\u00e7o.<\/p>\n<p>A partir da decis\u00e3o pela greve por tempo indeterminado, os empregados da Ebserh devem se organizar nos estados. As entidades filiadas \u00e0 Condsef\/Fenadsef que dar\u00e3o suporte ao movimento devem formalizar a decis\u00e3o da categoria \u00e0 Ebserh. O objetivo \u00e9 construir um movimento s\u00f3lido e com unidade para buscar o atendimento das principais reivindica\u00e7\u00f5es contidas na proposta de ACT. A conjuntura desfavor\u00e1vel, somada \u00e0 aus\u00eancia de avan\u00e7os m\u00ednimos nas negocia\u00e7\u00f5es com a empresa, empurra a categoria para a necessidade de rea\u00e7\u00e3o.<\/p>\n<p>\u201cOs empregados n\u00e3o podem e n\u00e3o v\u00e3o aceitar a imposi\u00e7\u00e3o de um \u00edndice zero e a nega\u00e7\u00e3o da empresa em dialogar at\u00e9 mesmo cl\u00e1usulas sociais que sequer representam impactos financeiros\u201d, adiantou S\u00e9rgio Ronaldo da Silva, secret\u00e1rio-geral da Condsef\/Fenadsef.<\/p>\n<\/div>\n<\/div>\n<\/div>\n<\/div>\n<\/div>\n<\/div>\n<\/div>\n","protected":false},"excerpt":{"rendered":"<p>Decis\u00e3o foi tomada por unanimidade em encontro nacional da categoria, em Bras\u00edlia. Trabalhadores n\u00e3o aceitam redu\u00e7\u00e3o de benef\u00edcios conquistados no ACT vigente. A data-base da categoria \u00e9 1\u00ba de mar\u00e7o. A partir do dia 19 desse m\u00eas, empregados da Ebserh em todo o Brasil v\u00e3o paralisar atividades por tempo indeterminado. A decis\u00e3o de iniciar uma greve foi tomada por unanimidade, [&hellip;]<\/p>\n","protected":false},"author":27,"featured_media":0,"comment_status":"open","ping_status":"closed","sticky":false,"template":"","format":"standard","meta":{"footnotes":""},"categories":[2719],"tags":[3713,463,7749,852,8648,769,175,891,8649,2874,15,2020,462,325,2019,2440],"class_list":["post-6634","post","type-post","status-publish","format-standard","hentry","category-servidor","tag-act","tag-atividades","tag-avordo","tag-beneficios","tag-condseffenadsef","tag-data-base","tag-ebserh","tag-empregados","tag-empresas-proposta","tag-encontro","tag-greve","tag-indeterminado","tag-paralisar","tag-reducao","tag-tempo","tag-unanimidade"],"_links":{"self":[{"href":"https:\/\/blogs.correiobraziliense.com.br\/servidor\/wp-json\/wp\/v2\/posts\/6634","targetHints":{"allow":["GET"]}}],"collection":[{"href":"https:\/\/blogs.correiobraziliense.com.br\/servidor\/wp-json\/wp\/v2\/posts"}],"about":[{"href":"https:\/\/blogs.correiobraziliense.com.br\/servidor\/wp-json\/wp\/v2\/types\/post"}],"author":[{"embeddable":true,"href":"https:\/\/blogs.correiobraziliense.com.br\/servidor\/wp-json\/wp\/v2\/users\/27"}],"replies":[{"embeddable":true,"href":"https:\/\/blogs.correiobraziliense.com.br\/servidor\/wp-json\/wp\/v2\/comments?post=6634"}],"version-history":[{"count":1,"href":"https:\/\/blogs.correiobraziliense.com.br\/servidor\/wp-json\/wp\/v2\/posts\/6634\/revisions"}],"predecessor-version":[{"id":6635,"href":"https:\/\/blogs.correiobraziliense.com.br\/servidor\/wp-json\/wp\/v2\/posts\/6634\/revisions\/6635"}],"wp:attachment":[{"href":"https:\/\/blogs.correiobraziliense.com.br\/servidor\/wp-json\/wp\/v2\/media?parent=6634"}],"wp:term":[{"taxonomy":"category","embeddable":true,"href":"https:\/\/blogs.correiobraziliense.com.br\/servidor\/wp-json\/wp\/v2\/categories?post=6634"},{"taxonomy":"post_tag","embeddable":true,"href":"https:\/\/blogs.correiobraziliense.com.br\/servidor\/wp-json\/wp\/v2\/tags?post=6634"}],"curies":[{"name":"wp","href":"https:\/\/api.w.org\/{rel}","templated":true}]}}