{"id":6630,"date":"2017-09-11T12:14:56","date_gmt":"2017-09-11T15:14:56","guid":{"rendered":"https:\/\/blogs.correiobraziliense.com.br\/servidor\/?p=6630"},"modified":"2017-09-11T12:14:56","modified_gmt":"2017-09-11T15:14:56","slug":"icmc-abre-concurso-para-professor-titular-nas-areas-de-matematica-e-sistemas-de-computacao","status":"publish","type":"post","link":"https:\/\/blogs.correiobraziliense.com.br\/servidor\/icmc-abre-concurso-para-professor-titular-nas-areas-de-matematica-e-sistemas-de-computacao\/","title":{"rendered":"ICMC abre concurso para professor titular nas \u00e1reas de matem\u00e1tica e sistemas de computa\u00e7\u00e3o"},"content":{"rendered":"<div>\n<div><em>Est\u00e3o abertas as inscri\u00e7\u00f5es para dois concursos de professor titular no Instituto de Ci\u00eancias Matem\u00e1ticas e de Computa\u00e7\u00e3o (ICMC) da USP, em S\u00e3o Carlos. O sal\u00e1rio \u00e9 de R$ 15.862,33.<\/em><\/div>\n<div><\/div>\n<div>Uma das vagas \u00e9 no departamento de matem\u00e1tica e a outra no departamento de sistemas de computa\u00e7\u00e3o. As inscri\u00e7\u00f5es s\u00e3o exclusivamente via internet at\u00e9 \u00e0s 17 horas do dia <span id=\"OBJ_PREFIX_DWT1275_com_zimbra_date\" class=\"Object\"><span id=\"OBJ_PREFIX_DWT1286_com_zimbra_date\" class=\"Object\">23 de fevereiro<\/span><\/span> de 2018 (hor\u00e1rio oficial de Bras\u00edlia) por meio deste link: <em><span id=\"OBJ_PREFIX_DWT1276_com_zimbra_url\" class=\"Object\"><span id=\"OBJ_PREFIX_DWT1287_com_zimbra_url\" class=\"Object\"><a href=\"https:\/\/uspdigital.usp.br\/gr\/admissao\" target=\"_blank\" rel=\"noopener noreferrer\">https:\/\/uspdigital.usp.br\/gr\/admissao<\/a><\/span><\/span><\/em>.<\/div>\n<div><\/div>\n<div>Para mais detalhes sobre prazos, provas e documenta\u00e7\u00f5es, acesse os editais nos links a seguir: <em><span id=\"OBJ_PREFIX_DWT1277_com_zimbra_url\" class=\"Object\"><span id=\"OBJ_PREFIX_DWT1288_com_zimbra_url\" class=\"Object\"><a href=\"http:\/\/www.icmc.usp.br\/e\/f4ee2\" target=\"_blank\" rel=\"noopener noreferrer\">icmc.usp.br\/e\/f4ee2<\/a><\/span><\/span><\/em>\u00a0(\u00e1rea de matem\u00e1tica) e <em><span id=\"OBJ_PREFIX_DWT1278_com_zimbra_url\" class=\"Object\"><span id=\"OBJ_PREFIX_DWT1289_com_zimbra_url\" class=\"Object\"><a href=\"http:\/\/www.icmc.usp.br\/e\/6b420\" target=\"_blank\" rel=\"noopener noreferrer\">icmc.usp.br\/e\/6b420<\/a><\/span><\/span><\/em>\u00a0(\u00e1rea de sistemas de computa\u00e7\u00e3o).<\/div>\n<div><\/div>\n<div><b>Mais informa\u00e7\u00f5es<\/b><\/div>\n<div>Inscri\u00e7\u00f5es: <span id=\"OBJ_PREFIX_DWT1279_com_zimbra_url\" class=\"Object\"><span id=\"OBJ_PREFIX_DWT1290_com_zimbra_url\" class=\"Object\"><a href=\"https:\/\/uspdigital.usp.br\/gr\/admissao\" target=\"_blank\" rel=\"noopener noreferrer\">https:\/\/uspdigital.usp.br\/gr\/admissao<\/a><\/span><\/span><\/div>\n<div>Edital ATAc\/ICMC\/SMA-USP n\u00ba 065\/2017 (matem\u00e1tica): <span id=\"OBJ_PREFIX_DWT1280_com_zimbra_url\" class=\"Object\"><span id=\"OBJ_PREFIX_DWT1291_com_zimbra_url\" class=\"Object\"><a href=\"http:\/\/www.icmc.usp.br\/e\/f4ee2\" target=\"_blank\" rel=\"noopener noreferrer\">icmc.usp.br\/e\/f4ee2<\/a><\/span><\/span><\/div>\n<div>Edital ATAc\/ICMC\/SSC-USP n\u00ba 066\/2017 (sistemas de computa\u00e7\u00e3o): <span id=\"OBJ_PREFIX_DWT1281_com_zimbra_url\" class=\"Object\"><span id=\"OBJ_PREFIX_DWT1292_com_zimbra_url\" class=\"Object\"><a href=\"http:\/\/www.icmc.usp.br\/e\/6b420\" target=\"_blank\" rel=\"noopener noreferrer\">icmc.usp.br\/e\/6b420<\/a><\/span><\/span><\/div>\n<p>E-mail: <span id=\"gmail-m_4172004680352414451gmail-cloak49da1916b8bcff9cfaf10cfa70a4611b\"><span id=\"OBJ_PREFIX_DWT1282_ZmEmailObjectHandler\" class=\"Object\"><span id=\"OBJ_PREFIX_DWT1293_ZmEmailObjectHandler\" class=\"Object\"><a href=\"mailto:sacadem@icmc.usp.br\" target=\"_blank\">sacadem@icmc.usp.br<\/a><\/span><\/span><\/span><\/div>\n","protected":false},"excerpt":{"rendered":"<p>Est\u00e3o abertas as inscri\u00e7\u00f5es para dois concursos de professor titular no Instituto de Ci\u00eancias Matem\u00e1ticas e de Computa\u00e7\u00e3o (ICMC) da USP, em S\u00e3o Carlos. O sal\u00e1rio \u00e9 de R$ 15.862,33. Uma das vagas \u00e9 no departamento de matem\u00e1tica e a outra no departamento de sistemas de computa\u00e7\u00e3o. As inscri\u00e7\u00f5es s\u00e3o exclusivamente via internet at\u00e9 \u00e0s 17 horas do dia 23 [&hellip;]<\/p>\n","protected":false},"author":27,"featured_media":0,"comment_status":"open","ping_status":"closed","sticky":false,"template":"","format":"standard","meta":{"footnotes":""},"categories":[2719],"tags":[5549,93,2978,2882,2980,2694,643,1779,2979,2982],"class_list":["post-6630","post","type-post","status-publish","format-standard","hentry","category-servidor","tag-computacao","tag-concurso","tag-icmc","tag-internet","tag-matematica","tag-professor","tag-salario","tag-sistemas","tag-titular","tag-usp"],"_links":{"self":[{"href":"https:\/\/blogs.correiobraziliense.com.br\/servidor\/wp-json\/wp\/v2\/posts\/6630","targetHints":{"allow":["GET"]}}],"collection":[{"href":"https:\/\/blogs.correiobraziliense.com.br\/servidor\/wp-json\/wp\/v2\/posts"}],"about":[{"href":"https:\/\/blogs.correiobraziliense.com.br\/servidor\/wp-json\/wp\/v2\/types\/post"}],"author":[{"embeddable":true,"href":"https:\/\/blogs.correiobraziliense.com.br\/servidor\/wp-json\/wp\/v2\/users\/27"}],"replies":[{"embeddable":true,"href":"https:\/\/blogs.correiobraziliense.com.br\/servidor\/wp-json\/wp\/v2\/comments?post=6630"}],"version-history":[{"count":1,"href":"https:\/\/blogs.correiobraziliense.com.br\/servidor\/wp-json\/wp\/v2\/posts\/6630\/revisions"}],"predecessor-version":[{"id":6631,"href":"https:\/\/blogs.correiobraziliense.com.br\/servidor\/wp-json\/wp\/v2\/posts\/6630\/revisions\/6631"}],"wp:attachment":[{"href":"https:\/\/blogs.correiobraziliense.com.br\/servidor\/wp-json\/wp\/v2\/media?parent=6630"}],"wp:term":[{"taxonomy":"category","embeddable":true,"href":"https:\/\/blogs.correiobraziliense.com.br\/servidor\/wp-json\/wp\/v2\/categories?post=6630"},{"taxonomy":"post_tag","embeddable":true,"href":"https:\/\/blogs.correiobraziliense.com.br\/servidor\/wp-json\/wp\/v2\/tags?post=6630"}],"curies":[{"name":"wp","href":"https:\/\/api.w.org\/{rel}","templated":true}]}}