{"id":6626,"date":"2017-09-11T11:51:35","date_gmt":"2017-09-11T14:51:35","guid":{"rendered":"https:\/\/blogs.correiobraziliense.com.br\/servidor\/?p=6626"},"modified":"2017-09-11T11:51:35","modified_gmt":"2017-09-11T14:51:35","slug":"centrais-sindicais-e-empresarios-apresentam-temer-medidas-emergenciais-amanha-129-em-brasilia","status":"publish","type":"post","link":"https:\/\/blogs.correiobraziliense.com.br\/servidor\/centrais-sindicais-e-empresarios-apresentam-temer-medidas-emergenciais-amanha-129-em-brasilia\/","title":{"rendered":"Centrais sindicais e empres\u00e1rios apresentam a Temer medidas emergenciais amanh\u00e3 (12\/9), em Bras\u00edlia"},"content":{"rendered":"<div><em>Centrais sindicais e empres\u00e1rios se encontrar\u00e3o com o presidente da Rep\u00fablica, Michel Temer, \u00e0s 11 horas nesta\u00a0<span id=\"OBJ_PREFIX_DWT891_com_zimbra_date\" class=\"Object\"><span id=\"OBJ_PREFIX_DWT902_com_zimbra_date\" class=\"Object\">ter<\/span><\/span>\u00e7a-feira, dia 12\/9, no Pal\u00e1cio do Planalto.<\/em><\/p>\n<p>Na ocasi\u00e3o, as centrais sindicais, entidades representativas de diversos setores, e os empres\u00e1rios, apresentar\u00e3o propostas emergenciais para a retomada do emprego no pa\u00eds. Participam do encontro For\u00e7a Sindical, CSB, CTB, UGT e Nova Central.<\/p>\n<p>A reuni\u00e3o com o presidente Temer \u00e9 resultado do encontro entre empres\u00e1rios e as centrais sindicais realizado no dia\u00a0<span id=\"OBJ_PREFIX_DWT892_com_zimbra_date\" class=\"Object\"><span id=\"OBJ_PREFIX_DWT903_com_zimbra_date\" class=\"Object\">21 de agosto<\/span><\/span>, na sede da Fiesp, em S\u00e3o Paulo, quando foram discutidas medidas de curto prazo para\u00a0acelerar o processo de retomada do crescimento. &#8220;Queremos a retomada do crescimento econ\u00f4mico com emprego e renda para todos&#8221;, diz Paulo Pereira da Silva, Paulinho, presidente da For\u00e7a Sindical.<\/p>\n<p><b>Confira as propostas aprovadas na reuni\u00e3o do dia <span id=\"OBJ_PREFIX_DWT893_com_zimbra_date\" class=\"Object\"><span id=\"OBJ_PREFIX_DWT904_com_zimbra_date\" class=\"Object\">22 de agosto<\/span><\/span>:<\/b><\/p>\n<p><u>Uma Pauta para Retomada do Desenvolvimento Econ\u00f4mico\u00a0e da Gera\u00e7\u00e3o de Emprego<\/u><\/p>\n<p>O grande objetivo nacional da atualidade \u00e9 tirar a economia brasileira da maior crise econ\u00f4mica de sua hist\u00f3ria. O PIB teve queda pr\u00f3xima a 8%, gerando um saldo de 14 milh\u00f5es de brasileiros desempregados, provocando o fechamento de milhares de empresas, deixando fam\u00edlias e empresas endividadas, mergulhando o pa\u00eds numa grave crise fiscal e provocando um forte recuo nos investimentos, informam as centrais.<\/p>\n<p>A entidades entendem que o Brasil \u00e9 maior que tudo isso. &#8220;Vamos, sim, superar a crise e sairemos mais fortes, como j\u00e1 ocorreu tantas vezes no passado&#8221;, destacam.<\/p>\n<p>&#8220;Temos pressa na retomada do desenvolvimento econ\u00f4mico e na cria\u00e7\u00e3o de empregos, e \u00e9 por isso que n\u00f3s, do setor produtivo, reunimos representantes dos trabalhadores e das empresas e constru\u00edmos um conjunto de propostas de curto prazo para acelerar a retomada do crescimento, e um outro conjunto, mais estrutural, para tornar sustent\u00e1vel o processo de retomada da atividade econ\u00f4mica e gera\u00e7\u00e3o de empregos que a sociedade brasileira tanto deseja.&#8221;<\/p>\n<p>Propostas de curto prazo:<\/p>\n<p><b>\u00a01. Retomada do cr\u00e9dito:<\/b><\/p>\n<p>\u2022 BNDES: \u00e9 preciso retomar um patamar mais adequado das concess\u00f5es de opera\u00e7\u00f5es de financiamento, utilizando o FGI e contando com a parceria dos bancos federais (BB, Caixa, BNB e Basa). N\u00e3o \u00e0 ado\u00e7\u00e3o precipitada da TLP. Elevar as concess\u00f5es, sobretudo para capital de giro. Retomar patamares anteriores de participa\u00e7\u00e3o dos recursos \u00e0 TJLP nas opera\u00e7\u00f5es.<\/p>\n<p>\u2022 Cr\u00e9dito \u00e0s micro e pequenas empresas (MPEs.): os bancos p\u00fablicos federais devem retomar as opera\u00e7\u00f5es com as MPEs, tanto da carteira comercial como das linhas com funding do FAT.<\/p>\n<p>\u2022 Cr\u00e9dito ao microempreendedor individual (MEI): linha de cr\u00e9dito a custo zero, atrelada a treinamento t\u00e9cnico e de gest\u00e3o e \u00e0 adimpl\u00eancia.<\/p>\n<p>\u2022 Acelera\u00e7\u00e3o da queda da Selic: a redu\u00e7\u00e3o da Selic tem sido insuficiente e deve ser acelerada.<\/p>\n<p>2. Retomada das obras p\u00fablicas paralisadas: priorizar as com maior potencial de impacto na produtividade, na economia local e no emprego, al\u00e9m daquelas que t\u00eam como fonte de financiamento recursos de fundos n\u00e3o sujeitos a contingenciamento.<\/p>\n<p>3. Revis\u00e3o de normas do seguro-sesemprego: rever as regras de acesso ao recebimento do seguro-desemprego, aumentar de 5 para 7 o n\u00famero de parcelas, dado o aumento do per\u00edodo m\u00e9dio de recoloca\u00e7\u00e3o dos trabalhadores desempregados no mercado de trabalho. Rever a Desvincula\u00e7\u00e3o das Receitas da Uni\u00e3o (DRU) para os recursos do FAT, que foi elevada a 30%.<\/p>\n<p>4. Desburocratiza\u00e7\u00e3o: ado\u00e7\u00e3o de medidas simples que sejam capazes de facilitar a rela\u00e7\u00e3o do cidad\u00e3o e das empresas com os \u00f3rg\u00e3os p\u00fablicos, contemplando:<\/p>\n<p>\u2022 Data fixa: a ado\u00e7\u00e3o de novas obriga\u00e7\u00f5es aos cidad\u00e3os e empresas apenas entrar\u00e3o entrar em vigor duas vezes por ano, 1o<span id=\"OBJ_PREFIX_DWT894_com_zimbra_date\" class=\"Object\"> de janeiro<\/span> e 1o<span id=\"OBJ_PREFIX_DWT895_com_zimbra_date\" class=\"Object\"> de julho<\/span>, por exemplo.<\/p>\n<p>\u2022 Duas medidas por uma: para se adotar uma nova obriga\u00e7\u00e3o, deve-se anular duas existentes, de forma a reduzir paulatinamente o estoque de exig\u00eancias burocr\u00e1ticas.<\/p>\n<p>\u2022 Documento \u00fanico para pessoas f\u00edsicas: substituindo CPF, RG, PIS, CTPS etc.<\/p>\n<p>\u2022 Documento \u00fanico para pessoas jur\u00eddicas: substituindo todos os demais registros.<\/p>\n<p>5. Refis equilibrado: ado\u00e7\u00e3o de programa de refinanciamento de impostos atrasados que n\u00e3o seja t\u00e3o seletivo como a proposta do governo (MP 766) nem t\u00e3o ben\u00e9fico aos devedores, como a proposta do relator da Comiss\u00e3o Mista do Congresso Nacional.<\/p>\n<p>6. Abertura de mercados: abertura de novos mercados para o produto brasileiro por meio de promo\u00e7\u00e3o comercial, finaliza\u00e7\u00e3o de acordos cujas negocia\u00e7\u00f5es v\u00eam se arrastando por v\u00e1rios anos, como, por exemplo, o acordo Mercosul &#8211; Uni\u00e3o Europeia.<\/p>\n<p>7. Petr\u00f3leo e g\u00e1s: promo\u00e7\u00e3o do entendimento entre os agentes da cadeia de petr\u00f3leo e g\u00e1s, visando o cumprimento das normas de conte\u00fado local de forma a destravar os investimentos do setor e gerar demanda para os segmentos que t\u00eam capacidade de atendimento com custos e prazos adequados.<\/p>\n<p>Propostas de m\u00e9dio prazo<\/p>\n<p>\u00c9 vital a cria\u00e7\u00e3o de um ambiente macroecon\u00f4mico mais favor\u00e1vel ao investimento produtivo e gera\u00e7\u00e3o de empregos composto por:<\/p>\n<p>\u2022 Juros b\u00e1sicos da economia em padr\u00f5es internacionais, em torno de 2% a 3% real ao ano;<\/p>\n<p>\u2022 Redu\u00e7\u00e3o da carga tribut\u00e1ria, simplifica\u00e7\u00e3o do sistema tribut\u00e1rio, com desonera\u00e7\u00e3o do investimento produtivo e da exporta\u00e7\u00e3o;<\/p>\n<p>\u2022 C\u00e2mbio competitivo, operando em n\u00edvel que n\u00e3o retire artificialmente a competitividade do produto brasileiro tanto no mercado interno quanto na exporta\u00e7\u00e3o.<\/p>\n<p>No longo prazo, incentivar o investimento em setores de alto valor agregado e forte potencial de crescimento e gera\u00e7\u00e3o de empregos tanto na ind\u00fastria como servi\u00e7os, na agricultura, em novas tecnologias digitais e na infraestrutura:<\/p>\n<p>\u2022 Ind\u00fastria de transforma\u00e7\u00e3o: implantar programa de renova\u00e7\u00e3o da frota de ve\u00edculos (autom\u00f3veis, comerciais leves e caminh\u00f5es) e de m\u00e1quinas, instrumentos, ferramentas e equipamentos utilizados na ind\u00fastria.<\/p>\n<p>\u2022 Agrega\u00e7\u00e3o de valor aos produtos b\u00e1sicos: adensar cadeia produtiva\/industrial para ampliar a participa\u00e7\u00e3o da ind\u00fastria do PIB e reduzir a exporta\u00e7\u00e3o de produtos b\u00e1sicos sem qualquer processamento industrial e com baixo valor agregado.<\/p>\n<p>\u2022 Petr\u00f3leo e g\u00e1s e ind\u00fastria naval: uma s\u00f3lida ind\u00fastria petroleira e naval, alicer\u00e7ada numa extensa cadeia produtiva nacional \u00e9 fundamental para gerar empregos de qualidade, para o avan\u00e7o tecnol\u00f3gico e desenvolvendo nacional.<\/p>\n<p>\u2022 Servi\u00e7os financeiros: a reforma do sistema financeiro, especialmente o privado, \u00e9 vital para ampliar a oferta de cr\u00e9dito com menores custos \u00e0s empresas e pessoas f\u00edsicas e dinamizar o mercado interno.<\/p>\n<p>\u2022 Educa\u00e7\u00e3o e sa\u00fade: s\u00e3o infraestruturas sociais extremamente sens\u00edveis que permitem melhoria na produtividade e concorrem, decisivamente, para o desenvolvimento nacional e o bem-estar do povo. A educa\u00e7\u00e3o p\u00fablica e programas como SUS devem ser prioridades dos governos em seus diferentes n\u00edveis.<\/p>\n<p>\u2022 Novas tecnologias e economia digital: Apoiar as pol\u00edticas de pesquisa e desenvolvimento cient\u00edfico e tecnol\u00f3gico articuladas a uma pol\u00edtica industrial que d\u00ea \u00eanfase a esses aspectos na retomada do crescimento industrial.<\/p>\n<p>\u2022 Infraestrutura: n\u00e3o \u00e9 poss\u00edvel desenvolver as potencialidades empreendedoras e criativas da economia sem que se tenha infraestrutura energ\u00e9tica (hidro, termo, e\u00f3lica e solar), urbana (habita\u00e7\u00e3o, saneamento e mobilidade) e log\u00edstica (rodovias, ferrovias, portos, aeroportos) adequada para isso, tarefa urgente que pode ser atendida por empresas estatais, privadas e pelo estabelecimento de parcerias p\u00fablico-privadas.<\/p><\/div>\n<p>&nbsp;<\/p>\n","protected":false},"excerpt":{"rendered":"<p>Centrais sindicais e empres\u00e1rios se encontrar\u00e3o com o presidente da Rep\u00fablica, Michel Temer, \u00e0s 11 horas nesta\u00a0ter\u00e7a-feira, dia 12\/9, no Pal\u00e1cio do Planalto. Na ocasi\u00e3o, as centrais sindicais, entidades representativas de diversos setores, e os empres\u00e1rios, apresentar\u00e3o propostas emergenciais para a retomada do emprego no pa\u00eds. Participam do encontro For\u00e7a Sindical, CSB, CTB, UGT e Nova Central. A reuni\u00e3o com [&hellip;]<\/p>\n","protected":false},"author":27,"featured_media":0,"comment_status":"open","ping_status":"closed","sticky":false,"template":"","format":"standard","meta":{"footnotes":""},"categories":[2719],"tags":[3454,1259,8643,366,88,6473,197,4177,8642,2327,1242,4471,3334,67,1008,1578,1157,3116,358,1260,1895],"class_list":["post-6626","post","type-post","status-publish","format-standard","hentry","category-servidor","tag-atividade","tag-centrais","tag-conjuntural","tag-crise","tag-economia","tag-emergenciais","tag-emprego","tag-empresarios","tag-endividadas","tag-estrutural","tag-familia","tag-fechamento","tag-fiesp","tag-fiscal","tag-investimentos","tag-medidas","tag-processo","tag-recuo","tag-renda","tag-sindicais","tag-temer"],"_links":{"self":[{"href":"https:\/\/blogs.correiobraziliense.com.br\/servidor\/wp-json\/wp\/v2\/posts\/6626","targetHints":{"allow":["GET"]}}],"collection":[{"href":"https:\/\/blogs.correiobraziliense.com.br\/servidor\/wp-json\/wp\/v2\/posts"}],"about":[{"href":"https:\/\/blogs.correiobraziliense.com.br\/servidor\/wp-json\/wp\/v2\/types\/post"}],"author":[{"embeddable":true,"href":"https:\/\/blogs.correiobraziliense.com.br\/servidor\/wp-json\/wp\/v2\/users\/27"}],"replies":[{"embeddable":true,"href":"https:\/\/blogs.correiobraziliense.com.br\/servidor\/wp-json\/wp\/v2\/comments?post=6626"}],"version-history":[{"count":1,"href":"https:\/\/blogs.correiobraziliense.com.br\/servidor\/wp-json\/wp\/v2\/posts\/6626\/revisions"}],"predecessor-version":[{"id":6627,"href":"https:\/\/blogs.correiobraziliense.com.br\/servidor\/wp-json\/wp\/v2\/posts\/6626\/revisions\/6627"}],"wp:attachment":[{"href":"https:\/\/blogs.correiobraziliense.com.br\/servidor\/wp-json\/wp\/v2\/media?parent=6626"}],"wp:term":[{"taxonomy":"category","embeddable":true,"href":"https:\/\/blogs.correiobraziliense.com.br\/servidor\/wp-json\/wp\/v2\/categories?post=6626"},{"taxonomy":"post_tag","embeddable":true,"href":"https:\/\/blogs.correiobraziliense.com.br\/servidor\/wp-json\/wp\/v2\/tags?post=6626"}],"curies":[{"name":"wp","href":"https:\/\/api.w.org\/{rel}","templated":true}]}}