{"id":6617,"date":"2017-09-06T11:39:01","date_gmt":"2017-09-06T14:39:01","guid":{"rendered":"https:\/\/blogs.correiobraziliense.com.br\/servidor\/?p=6617"},"modified":"2017-09-06T11:39:01","modified_gmt":"2017-09-06T14:39:01","slug":"projeto-para-medir-produtividade-do-servidor","status":"publish","type":"post","link":"https:\/\/blogs.correiobraziliense.com.br\/servidor\/projeto-para-medir-produtividade-do-servidor\/","title":{"rendered":"Projeto para medir produtividade do servidor"},"content":{"rendered":"<p>O senador Lasier Martins (PSD\/RS) apresentou, ontem, substitutivo ao projeto original (PLS 116\/2017) que trata da perda do cargo p\u00fablico, por insufici\u00eancia de desempenho, do funcion\u00e1rio est\u00e1vel que n\u00e3o apresente conceitos satisfat\u00f3rios de produtividade e qualidade no servi\u00e7o prestado \u00e0 popula\u00e7\u00e3o. O texto ser\u00e1 usado como par\u00e2metro nas tr\u00eas esferas de governo (estadual, municipal e federal) e nos tr\u00eas Poderes (Executivo, Legislativo e Judici\u00e1rio).<\/p>\n<p>Pelo texto, ser\u00e1 exonerado aquele que, em dois anos seguidos, n\u00e3o tiver nota acima de 2,9. Ou, em cinco anos, n\u00e3o ultrapasse 4,5 pontos. O conceito \u201cN\u201d significa que o desempenho foi aqu\u00e9m do desejado. O \u201cP\u201d indica que foram cumpridas as exig\u00eancias de atendimento. E o \u201cS\u201d \u00e9 para aqueles que superaram as expectativas.<\/p>\n<p>No projeto, com 29 artigos e 7 cap\u00edtulos, o senador informa que o servidor ser\u00e1 avaliado por comiss\u00e3o formada pelo chefe imediato, por colega do mesmo n\u00edvel, a ser sorteado, e por um representante do setor de recursos humanos, \u201clevando-se em conta metas mensur\u00e1veis e, o que \u00e9 ainda mais importante, alcan\u00e7\u00e1veis\u201d, com a possibilidade de o trabalhador pedir a revis\u00e3o do conceito que lhe foi atribu\u00eddo. De acordo com Lasier, a estabilidade deve continuar existindo, pois \u00e9 direito do servidor e garantia para a popula\u00e7\u00e3o conta o uso da m\u00e1quina estatal para benef\u00edcio pessoal dos governantes. \u201cTodavia, a estabilidade n\u00e3o pode ser considerada uma franquia para a ado\u00e7\u00e3o de posturas negligentes ou desidiosas.\u201d, lembra o parlamentar.<\/p>\n<p>No entender de Rudinei Marques, presidente do F\u00f3rum Nacional das Carreiras T\u00edpicas de Estado (Fonacate), o substitutivo melhorou um pouco o PLS 116\/2017, \u201cmas nem assim deixa de ser sofr\u00edvel\u201d. \u201cEm suma, \u00e9 ruim e vamos trabalhar contra a sua aprova\u00e7\u00e3o.\u201d De acordo com Marques, o projeto tem um v\u00edcio de iniciativa, que persiste: n\u00e3o contempla a avalia\u00e7\u00e3o de chefias e n\u00e3o cria prote\u00e7\u00e3o adicional \u00e0s carreiras de Estado, que ficar\u00e3o \u00e0 merc\u00ea de dirigentes e de indica\u00e7\u00f5es pol\u00edticas.<\/p>\n","protected":false},"excerpt":{"rendered":"<p>O senador Lasier Martins (PSD\/RS) apresentou, ontem, substitutivo ao projeto original (PLS 116\/2017) que trata da perda do cargo p\u00fablico, por insufici\u00eancia de desempenho, do funcion\u00e1rio est\u00e1vel que n\u00e3o apresente conceitos satisfat\u00f3rios de produtividade e qualidade no servi\u00e7o prestado \u00e0 popula\u00e7\u00e3o. O texto ser\u00e1 usado como par\u00e2metro nas tr\u00eas esferas de governo (estadual, municipal e federal) e nos tr\u00eas Poderes [&hellip;]<\/p>\n","protected":false},"author":27,"featured_media":0,"comment_status":"open","ping_status":"closed","sticky":false,"template":"","format":"standard","meta":{"footnotes":""},"categories":[2719],"tags":[551,863,300,8052,6956,1150,7538,2303,8627,3305,3107,9,7728,823,124,4502,6982,64,10,2045,3154,37,8008,1491,7014,4488,545,1136,101,787,316,2135,8628],"class_list":["post-6617","post","type-post","status-publish","format-standard","hentry","category-servidor","tag-atendimento","tag-avaliacao","tag-cargo","tag-chefe","tag-coleta","tag-comissao","tag-conceito","tag-desempenho","tag-esferas","tag-estadual","tag-estavel","tag-executivo","tag-exonerado","tag-expectativas","tag-federal","tag-humanos","tag-insuficiencia","tag-judiciario","tag-legislativo","tag-metas","tag-municipal","tag-nota","tag-parametro","tag-perda","tag-pls-1162017","tag-pontos","tag-populacao","tag-produtividade","tag-projeto","tag-qualidade","tag-recursos","tag-revisao","tag-sorteado"],"_links":{"self":[{"href":"https:\/\/blogs.correiobraziliense.com.br\/servidor\/wp-json\/wp\/v2\/posts\/6617","targetHints":{"allow":["GET"]}}],"collection":[{"href":"https:\/\/blogs.correiobraziliense.com.br\/servidor\/wp-json\/wp\/v2\/posts"}],"about":[{"href":"https:\/\/blogs.correiobraziliense.com.br\/servidor\/wp-json\/wp\/v2\/types\/post"}],"author":[{"embeddable":true,"href":"https:\/\/blogs.correiobraziliense.com.br\/servidor\/wp-json\/wp\/v2\/users\/27"}],"replies":[{"embeddable":true,"href":"https:\/\/blogs.correiobraziliense.com.br\/servidor\/wp-json\/wp\/v2\/comments?post=6617"}],"version-history":[{"count":1,"href":"https:\/\/blogs.correiobraziliense.com.br\/servidor\/wp-json\/wp\/v2\/posts\/6617\/revisions"}],"predecessor-version":[{"id":6618,"href":"https:\/\/blogs.correiobraziliense.com.br\/servidor\/wp-json\/wp\/v2\/posts\/6617\/revisions\/6618"}],"wp:attachment":[{"href":"https:\/\/blogs.correiobraziliense.com.br\/servidor\/wp-json\/wp\/v2\/media?parent=6617"}],"wp:term":[{"taxonomy":"category","embeddable":true,"href":"https:\/\/blogs.correiobraziliense.com.br\/servidor\/wp-json\/wp\/v2\/categories?post=6617"},{"taxonomy":"post_tag","embeddable":true,"href":"https:\/\/blogs.correiobraziliense.com.br\/servidor\/wp-json\/wp\/v2\/tags?post=6617"}],"curies":[{"name":"wp","href":"https:\/\/api.w.org\/{rel}","templated":true}]}}