{"id":6611,"date":"2017-09-05T17:59:25","date_gmt":"2017-09-05T20:59:25","guid":{"rendered":"https:\/\/blogs.correiobraziliense.com.br\/servidor\/?p=6611"},"modified":"2017-09-05T17:59:25","modified_gmt":"2017-09-05T20:59:25","slug":"amb-nota-publica-contra-os-constantes-ataques-magistratura","status":"publish","type":"post","link":"https:\/\/blogs.correiobraziliense.com.br\/servidor\/amb-nota-publica-contra-os-constantes-ataques-magistratura\/","title":{"rendered":"AMB &#8211; Nota p\u00fablica contra os constantes ataques \u00e0 magistratura"},"content":{"rendered":"<p><em>A Associa\u00e7\u00e3o dos Magistrados Brasileiros (AMB) demonstra preocupa\u00e7\u00e3o com os constantes ataques ao Poder Judici\u00e1rio e pede \u00e0 na\u00e7\u00e3o para manter &#8220;vig\u00edlia e firmeza, de maneira a garantir a apura\u00e7\u00e3o completa dos fatos, com a puni\u00e7\u00e3o dos envolvidos em pr\u00e1ticas delituosas e daqueles que tentam, desesperadamente e por meios obscuros, levar o Brasil e as suas institui\u00e7\u00f5es \u00e0 ru\u00edna moral&#8221;<\/em><\/p>\n<p>Veja a nota:<\/p>\n<p>&#8220;A Associa\u00e7\u00e3o dos Magistrados Brasileiros (AMB), maior entidade representativa da magistratura brasileira, com mais de 14 mil ju\u00edzes associados das esferas estadual, trabalhista, federal e militar, vem a p\u00fablico, uma vez mais, diante das \u00faltimas not\u00edcias amplamente divulgadas pela imprensa, reiterar a preocupa\u00e7\u00e3o com os constantes ataques ao Poder Judici\u00e1rio, numa n\u00edtida e cada vez mais clara tentativa de intimidar a Justi\u00e7a.<br \/>\nNestes \u00faltimos acontecimentos fica evidente o esfor\u00e7o que tem sido feito por setores descomprometidos com a democracia e a Rep\u00fablica, para atingir o Judici\u00e1rio, incluindo, agora, o Supremo Tribunal Federal (STF), com vazamentos sem quaisquer esclarecimentos.<br \/>\nA atua\u00e7\u00e3o independente dos ju\u00edzes brasileiros, da primeira inst\u00e2ncia \u00e0 Suprema Corte, revelou ao Brasil n\u00edveis de corrup\u00e7\u00e3o nunca imaginados. Muitos dos envolvidos procuram de toda forma atingir o Poder Judici\u00e1rio e envolv\u00ea-lo no mar de corrup\u00e7\u00e3o que inundou a Rep\u00fablica brasileira.<br \/>\nNas \u00faltimas semanas, os ataques ao Poder Judici\u00e1rio foram constantes. No \u00e2mbito do Congresso Nacional v\u00e1rias medidas de intimida\u00e7\u00e3o e enfraquecimento da Justi\u00e7a foram propostas, somente ainda n\u00e3o aprovadas pelo bom senso da grande maioria dos parlamentares.<br \/>\nA AMB conclama a na\u00e7\u00e3o a manter vig\u00edlia e firmeza, de maneira a garantir a apura\u00e7\u00e3o completa dos fatos, com a puni\u00e7\u00e3o dos envolvidos em pr\u00e1ticas delituosas e daqueles que tentam, desesperadamente e por meios obscuros, levar o Brasil e as suas institui\u00e7\u00f5es \u00e0 ru\u00edna moral.<\/p>\n<p>Jayme de Oliveira<br \/>\nPresidente da AMB&#8221;<\/p>\n","protected":false},"excerpt":{"rendered":"<p>A Associa\u00e7\u00e3o dos Magistrados Brasileiros (AMB) demonstra preocupa\u00e7\u00e3o com os constantes ataques ao Poder Judici\u00e1rio e pede \u00e0 na\u00e7\u00e3o para manter &#8220;vig\u00edlia e firmeza, de maneira a garantir a apura\u00e7\u00e3o completa dos fatos, com a puni\u00e7\u00e3o dos envolvidos em pr\u00e1ticas delituosas e daqueles que tentam, desesperadamente e por meios obscuros, levar o Brasil e as suas institui\u00e7\u00f5es \u00e0 ru\u00edna moral&#8221; [&hellip;]<\/p>\n","protected":false},"author":27,"featured_media":0,"comment_status":"open","ping_status":"closed","sticky":false,"template":"","format":"standard","meta":{"footnotes":""},"categories":[2719],"tags":[1409,1458,2866,164,8618,7038,5533,2323,1701,7458,37,1137,1589,147,1141],"class_list":["post-6611","post","type-post","status-publish","format-standard","hentry","category-servidor","tag-amb","tag-apuracao","tag-ataques","tag-brasil","tag-delituosas","tag-envolvidos","tag-fatos","tag-magistratura","tag-moral","tag-nacao","tag-nota","tag-poder-judiciario","tag-praticas","tag-publica","tag-punicao"],"_links":{"self":[{"href":"https:\/\/blogs.correiobraziliense.com.br\/servidor\/wp-json\/wp\/v2\/posts\/6611","targetHints":{"allow":["GET"]}}],"collection":[{"href":"https:\/\/blogs.correiobraziliense.com.br\/servidor\/wp-json\/wp\/v2\/posts"}],"about":[{"href":"https:\/\/blogs.correiobraziliense.com.br\/servidor\/wp-json\/wp\/v2\/types\/post"}],"author":[{"embeddable":true,"href":"https:\/\/blogs.correiobraziliense.com.br\/servidor\/wp-json\/wp\/v2\/users\/27"}],"replies":[{"embeddable":true,"href":"https:\/\/blogs.correiobraziliense.com.br\/servidor\/wp-json\/wp\/v2\/comments?post=6611"}],"version-history":[{"count":1,"href":"https:\/\/blogs.correiobraziliense.com.br\/servidor\/wp-json\/wp\/v2\/posts\/6611\/revisions"}],"predecessor-version":[{"id":6612,"href":"https:\/\/blogs.correiobraziliense.com.br\/servidor\/wp-json\/wp\/v2\/posts\/6611\/revisions\/6612"}],"wp:attachment":[{"href":"https:\/\/blogs.correiobraziliense.com.br\/servidor\/wp-json\/wp\/v2\/media?parent=6611"}],"wp:term":[{"taxonomy":"category","embeddable":true,"href":"https:\/\/blogs.correiobraziliense.com.br\/servidor\/wp-json\/wp\/v2\/categories?post=6611"},{"taxonomy":"post_tag","embeddable":true,"href":"https:\/\/blogs.correiobraziliense.com.br\/servidor\/wp-json\/wp\/v2\/tags?post=6611"}],"curies":[{"name":"wp","href":"https:\/\/api.w.org\/{rel}","templated":true}]}}