{"id":6604,"date":"2017-09-05T12:48:30","date_gmt":"2017-09-05T15:48:30","guid":{"rendered":"https:\/\/blogs.correiobraziliense.com.br\/servidor\/?p=6604"},"modified":"2017-09-05T12:48:55","modified_gmt":"2017-09-05T15:48:55","slug":"lasier-martins-entrega-hoje-relatorio-sobre-demissao-de-servidor","status":"publish","type":"post","link":"https:\/\/blogs.correiobraziliense.com.br\/servidor\/lasier-martins-entrega-hoje-relatorio-sobre-demissao-de-servidor\/","title":{"rendered":"Lasier Martins entrega hoje relat\u00f3rio sobre demiss\u00e3o de servidor"},"content":{"rendered":"<p>O senador Lasier Martins (PSD\/RS) vai apresentar o substitutivo ao projeto (PLS 116\/2017) que trata da perda do cargo p\u00fablico por insufici\u00eancia de desempenho do funcion\u00e1rio. Na semana passada, durante o debate no Programa CB.Poder, entrevistado pelos jornalistas Vicente Nunes e Paulo Silva Pinto, do Correio Braziliense, o parlamentar garantiu que o objetivo &#8220;n\u00e3o \u00e9 criar problemas ao est\u00e1vel&#8221;. &#8220;\u00c9 para corrigir funcion\u00e1rios deficientes, insuficientes, relapsos e negligentes\u201d, explicou.<\/p>\n<p>Em defesa dos servidores, Rudinei Marques, presidente do F\u00f3rum Nacional das Carreiras T\u00edpicas de Estado (Fonacate), deixou claro que ainda n\u00e3o est\u00e1 convencido das inten\u00e7\u00f5es de corrigir distor\u00e7\u00f5es. Ele n\u00e3o descartou a import\u00e2ncia da avalia\u00e7\u00e3o. Mas considerou o texto em tramita\u00e7\u00e3o no Congresso \u201cmuito ruim\u201d e pouco abrangent.<\/p>\n<p><strong>Demiss\u00e3o<\/strong><\/p>\n<p>O texto prev\u00ea, de acordo como senador, a demiss\u00e3o do servidor que, em dois anos, n\u00e3o tiver nota acima de 2,9. Ou, em cinco anos, n\u00e3o ultrapasse 4,5 pontos.<\/p>\n<p>O trabalhador ser\u00e1 avaliado por comiss\u00e3o formada pelo chefe imediato, colega do mesmo n\u00edvel, a ser sorteado, e representante do setor de recursos humanos. Ter\u00e1 acompanhamento para superar as dificuldades. Se mantiver nota baixa, se sujeita ao processo para exonera\u00e7\u00e3o, com amplo direito de defesa, inclusive com advogado. \u201cEnt\u00e3o, nem se fale em persegui\u00e7\u00e3o. N\u00e3o existe isso\u201d, acentuou.<\/p>\n","protected":false},"excerpt":{"rendered":"<p>O senador Lasier Martins (PSD\/RS) vai apresentar o substitutivo ao projeto (PLS 116\/2017) que trata da perda do cargo p\u00fablico por insufici\u00eancia de desempenho do funcion\u00e1rio. Na semana passada, durante o debate no Programa CB.Poder, entrevistado pelos jornalistas Vicente Nunes e Paulo Silva Pinto, do Correio Braziliense, o parlamentar garantiu que o objetivo &#8220;n\u00e3o \u00e9 criar problemas ao est\u00e1vel&#8221;. &#8220;\u00c9 [&hellip;]<\/p>\n","protected":false},"author":27,"featured_media":0,"comment_status":"open","ping_status":"closed","sticky":false,"template":"","format":"standard","meta":{"footnotes":""},"categories":[2719],"tags":[300,4720,1017,2303,1273,5905,6982,8617,1491,241,4031,8],"class_list":["post-6604","post","type-post","status-publish","format-standard","hentry","category-servidor","tag-cargo","tag-corrigir","tag-demissao","tag-desempenho","tag-entrega","tag-funcionario","tag-insuficiencia","tag-lasier-martins","tag-perda","tag-publico","tag-relatorio","tag-servidor"],"_links":{"self":[{"href":"https:\/\/blogs.correiobraziliense.com.br\/servidor\/wp-json\/wp\/v2\/posts\/6604","targetHints":{"allow":["GET"]}}],"collection":[{"href":"https:\/\/blogs.correiobraziliense.com.br\/servidor\/wp-json\/wp\/v2\/posts"}],"about":[{"href":"https:\/\/blogs.correiobraziliense.com.br\/servidor\/wp-json\/wp\/v2\/types\/post"}],"author":[{"embeddable":true,"href":"https:\/\/blogs.correiobraziliense.com.br\/servidor\/wp-json\/wp\/v2\/users\/27"}],"replies":[{"embeddable":true,"href":"https:\/\/blogs.correiobraziliense.com.br\/servidor\/wp-json\/wp\/v2\/comments?post=6604"}],"version-history":[{"count":2,"href":"https:\/\/blogs.correiobraziliense.com.br\/servidor\/wp-json\/wp\/v2\/posts\/6604\/revisions"}],"predecessor-version":[{"id":6606,"href":"https:\/\/blogs.correiobraziliense.com.br\/servidor\/wp-json\/wp\/v2\/posts\/6604\/revisions\/6606"}],"wp:attachment":[{"href":"https:\/\/blogs.correiobraziliense.com.br\/servidor\/wp-json\/wp\/v2\/media?parent=6604"}],"wp:term":[{"taxonomy":"category","embeddable":true,"href":"https:\/\/blogs.correiobraziliense.com.br\/servidor\/wp-json\/wp\/v2\/categories?post=6604"},{"taxonomy":"post_tag","embeddable":true,"href":"https:\/\/blogs.correiobraziliense.com.br\/servidor\/wp-json\/wp\/v2\/tags?post=6604"}],"curies":[{"name":"wp","href":"https:\/\/api.w.org\/{rel}","templated":true}]}}