{"id":659,"date":"2015-12-03T15:42:51","date_gmt":"2015-12-03T17:42:51","guid":{"rendered":"https:\/\/blogs.correiobraziliense.com.br\/servidor\/?p=659"},"modified":"2015-12-03T15:42:51","modified_gmt":"2015-12-03T17:42:51","slug":"claudio-damasceno-e-reeleito-presidente-do-sindifisco-nacional","status":"publish","type":"post","link":"https:\/\/blogs.correiobraziliense.com.br\/servidor\/claudio-damasceno-e-reeleito-presidente-do-sindifisco-nacional\/","title":{"rendered":"CLAUDIO DAMASCENO \u00c9 REELEITO PRESIDENTE DO SINDIFISCO NACIONAL"},"content":{"rendered":"<p>O auditor fiscal Cl\u00e1udio Damasceno foi reconduzido para novo mandato \u00e0 frente do Sindifisco Nacional (Sindicato Nacional dos Auditores Fiscais da Receita Federal), desta vez para o tri\u00eanio 2016-2019. A vit\u00f3ria foi por 4.802 votos (47%), contra 4.618 da Chapa 2 (41%) e 1.884 da Chapa 3 (17%).<\/p>\n<p>Baiano de Salvador, Cl\u00e1udio tem 43 anos e est\u00e1 h\u00e1 12 na Receita Federal. \u00c9 formado em Administra\u00e7\u00e3o pela Universidade Cat\u00f3lica de Salvador. Sua atua\u00e7\u00e3o em favor dos auditores fiscais n\u00e3o \u00e9 recente: foi diretor-suplente (entre 2007 e 2009) e secret\u00e1rio-geral do Sindifisco (de 2009 a 2011); e presidente da Delegacia Sindical de Mato Grosso (2005-2009). Tamb\u00e9m coordenou a Comiss\u00e3o Organizadora do Congresso Nacional dos Auditores Fiscais (Conaf), na Bahia, em novembro de 2012.<\/p>\n<p>\u201cFoi uma vit\u00f3ria dif\u00edcil por causa do momento do pa\u00eds. A certa altura a campanha eleitoral se confundiu com a campanha salarial, que ainda est\u00e1 aberta. Continuaremos lutando pela valoriza\u00e7\u00e3o do auditor, cujo compromisso com a transpar\u00eancia e a defesa do bom emprego dos recursos p\u00fablicos j\u00e1 \u00e9 compreendido pela popula\u00e7\u00e3o\u201d, observou Damasceno, referindo-se \u00e0 participa\u00e7\u00e3o dos auditores nos grupos de intelig\u00eancia das opera\u00e7\u00f5es Lava Jato e Zelotes.<\/p>\n<p>O presidente acrescentou que &#8220;n\u00e3o abrimos m\u00e3o de empregar todos os esfor\u00e7os para atingirmos uma verdadeira\u00a0justi\u00e7a fiscal. Luta esta que passa, prioritariamente,\u00a0pela recupera\u00e7\u00e3o do protagonismo da Receita\u00a0Federal, e do auditor fiscal na formula\u00e7\u00e3o da pol\u00edtica tribut\u00e1ria\u201d.<\/p>\n","protected":false},"excerpt":{"rendered":"<p>O auditor fiscal Cl\u00e1udio Damasceno foi reconduzido para novo mandato \u00e0 frente do Sindifisco Nacional (Sindicato Nacional dos Auditores Fiscais da Receita Federal), desta vez para o tri\u00eanio 2016-2019. A vit\u00f3ria foi por 4.802 votos (47%), contra 4.618 da Chapa 2 (41%) e 1.884 da Chapa 3 (17%). Baiano de Salvador, Cl\u00e1udio tem 43 anos e est\u00e1 h\u00e1 12 na [&hellip;]<\/p>\n","protected":false},"author":27,"featured_media":0,"comment_status":"open","ping_status":"closed","sticky":false,"template":"","format":"standard","meta":{"footnotes":""},"categories":[1],"tags":[161,81,162,163],"class_list":["post-659","post","type-post","status-publish","format-standard","hentry","category-sem-categoria","tag-claudio-damasceno","tag-presidente","tag-reeleito","tag-sindifisco-nacional"],"_links":{"self":[{"href":"https:\/\/blogs.correiobraziliense.com.br\/servidor\/wp-json\/wp\/v2\/posts\/659","targetHints":{"allow":["GET"]}}],"collection":[{"href":"https:\/\/blogs.correiobraziliense.com.br\/servidor\/wp-json\/wp\/v2\/posts"}],"about":[{"href":"https:\/\/blogs.correiobraziliense.com.br\/servidor\/wp-json\/wp\/v2\/types\/post"}],"author":[{"embeddable":true,"href":"https:\/\/blogs.correiobraziliense.com.br\/servidor\/wp-json\/wp\/v2\/users\/27"}],"replies":[{"embeddable":true,"href":"https:\/\/blogs.correiobraziliense.com.br\/servidor\/wp-json\/wp\/v2\/comments?post=659"}],"version-history":[{"count":1,"href":"https:\/\/blogs.correiobraziliense.com.br\/servidor\/wp-json\/wp\/v2\/posts\/659\/revisions"}],"predecessor-version":[{"id":660,"href":"https:\/\/blogs.correiobraziliense.com.br\/servidor\/wp-json\/wp\/v2\/posts\/659\/revisions\/660"}],"wp:attachment":[{"href":"https:\/\/blogs.correiobraziliense.com.br\/servidor\/wp-json\/wp\/v2\/media?parent=659"}],"wp:term":[{"taxonomy":"category","embeddable":true,"href":"https:\/\/blogs.correiobraziliense.com.br\/servidor\/wp-json\/wp\/v2\/categories?post=659"},{"taxonomy":"post_tag","embeddable":true,"href":"https:\/\/blogs.correiobraziliense.com.br\/servidor\/wp-json\/wp\/v2\/tags?post=659"}],"curies":[{"name":"wp","href":"https:\/\/api.w.org\/{rel}","templated":true}]}}