{"id":6586,"date":"2017-09-04T15:42:18","date_gmt":"2017-09-04T18:42:18","guid":{"rendered":"https:\/\/blogs.correiobraziliense.com.br\/servidor\/?p=6586"},"modified":"2017-09-04T15:42:18","modified_gmt":"2017-09-04T18:42:18","slug":"nota-da-defesa-de-guilherme-lacerda-ex-presidente-da-funcef","status":"publish","type":"post","link":"https:\/\/blogs.correiobraziliense.com.br\/servidor\/nota-da-defesa-de-guilherme-lacerda-ex-presidente-da-funcef\/","title":{"rendered":"Nota da defesa de Guilherme Lacerda, ex-presidente da Funcef"},"content":{"rendered":"<p><em>O advogado de ex-dirigente, Rafael T. Favetti, explicou que todas as decis\u00f5es tomadas por Lacerda tiveram o devido rigor t\u00e9cnico e que ele n\u00e3o era dirigente, diretor ou tesoureiro do Partido dos Trabalhadores. al\u00e9m disso, o seu cliente tem como prova de sua idoneidade o resultado de extensa investiga\u00e7\u00e3o da Pol\u00edcia Federal e do Minist\u00e9rio P\u00fablico, na Opera\u00e7\u00e3o Greenfield, que o inocentou<\/em><\/p>\n<p>Veja a nota:<\/p>\n<p>&#8220;Em refer\u00eancia \u00e0 dela\u00e7\u00e3o de Joesley Batista, do Grupo JBS, informamos que o ex-dirigente da Funda\u00e7\u00e3o dos Economi\u00e1rios Federais (Funcef), Guilherme Lacerda, n\u00e3o teve qualquer rela\u00e7\u00e3o com o suposto sistema de propinas.<\/p>\n<p>Todas as decis\u00f5es tomadas por Lacerda enquanto esteve \u00e0 frente da entidade (2003 &#8211; 2010) foram tomadas com o devido rigor t\u00e9cnico visando, exclusivamente, o melhor para a Funda\u00e7\u00e3o.<\/p>\n<p>A ades\u00e3o da Funcef ao FIP Florestal foi uma decis\u00e3o colegiada da diretoria da Funcef, igualmente t\u00e9cnica. Lacerda j\u00e1 havia deixado a presid\u00eancia da funda\u00e7\u00e3o quando a fus\u00e3o das duas empresas (Florestal e Eldorado) foi realizada.<\/p>\n<p>Ademais, o ex-presidente da Funcef n\u00e3o era dirigente, diretor ou tesoureiro do Partido dos Trabalhadores. Ele est\u00e1 tranquilo sobre o per\u00edodo que esteve \u00e0 frente da Funcef, em especial pelo que fez em termos de compliance, gest\u00e3o e transpar\u00eancia decis\u00f3ria e continua \u00e0 disposi\u00e7\u00e3o para responder a todas as quest\u00f5es relacionadas ao seu per\u00edodo de gest\u00e3o.<\/p>\n<p>Como prova de sua idoneidade, tem-se a extensa investiga\u00e7\u00e3o conduzida pela Pol\u00edcia Federal no curso da Opera\u00e7\u00e3o Greenfield, comandada pelo pr\u00f3prio Minist\u00e9rio P\u00fablico Federal, que concluiu n\u00e3o <span id=\"OBJ_PREFIX_DWT1621_com_zimbra_date\" class=\"Object\"><span id=\"OBJ_PREFIX_DWT1625_com_zimbra_date\" class=\"Object\">ter<\/span><\/span> havido varia\u00e7\u00e3o patrimonial irregular do ex-dirigente.<\/p>\n<p>Rafael T Favetti<\/p>\n<p>Advogado&#8221;<\/p>\n","protected":false},"excerpt":{"rendered":"<p>O advogado de ex-dirigente, Rafael T. Favetti, explicou que todas as decis\u00f5es tomadas por Lacerda tiveram o devido rigor t\u00e9cnico e que ele n\u00e3o era dirigente, diretor ou tesoureiro do Partido dos Trabalhadores. al\u00e9m disso, o seu cliente tem como prova de sua idoneidade o resultado de extensa investiga\u00e7\u00e3o da Pol\u00edcia Federal e do Minist\u00e9rio P\u00fablico, na Opera\u00e7\u00e3o Greenfield, que [&hellip;]<\/p>\n","protected":false},"author":27,"featured_media":0,"comment_status":"open","ping_status":"closed","sticky":false,"template":"","format":"standard","meta":{"footnotes":""},"categories":[2719],"tags":[1864,1201,5109,1106,1020,6394,8603,8604,6393,3551,3071,3752,6705,1067],"class_list":["post-6586","post","type-post","status-publish","format-standard","hentry","category-servidor","tag-decisoes","tag-defesa","tag-delacao","tag-ex-presidente","tag-funcef","tag-grupo-jbs","tag-guilerme-lacerda","tag-idoneidade","tag-joesley-batista","tag-operacao-greenfield","tag-prova","tag-pt","tag-rigor","tag-tecnico"],"_links":{"self":[{"href":"https:\/\/blogs.correiobraziliense.com.br\/servidor\/wp-json\/wp\/v2\/posts\/6586","targetHints":{"allow":["GET"]}}],"collection":[{"href":"https:\/\/blogs.correiobraziliense.com.br\/servidor\/wp-json\/wp\/v2\/posts"}],"about":[{"href":"https:\/\/blogs.correiobraziliense.com.br\/servidor\/wp-json\/wp\/v2\/types\/post"}],"author":[{"embeddable":true,"href":"https:\/\/blogs.correiobraziliense.com.br\/servidor\/wp-json\/wp\/v2\/users\/27"}],"replies":[{"embeddable":true,"href":"https:\/\/blogs.correiobraziliense.com.br\/servidor\/wp-json\/wp\/v2\/comments?post=6586"}],"version-history":[{"count":1,"href":"https:\/\/blogs.correiobraziliense.com.br\/servidor\/wp-json\/wp\/v2\/posts\/6586\/revisions"}],"predecessor-version":[{"id":6587,"href":"https:\/\/blogs.correiobraziliense.com.br\/servidor\/wp-json\/wp\/v2\/posts\/6586\/revisions\/6587"}],"wp:attachment":[{"href":"https:\/\/blogs.correiobraziliense.com.br\/servidor\/wp-json\/wp\/v2\/media?parent=6586"}],"wp:term":[{"taxonomy":"category","embeddable":true,"href":"https:\/\/blogs.correiobraziliense.com.br\/servidor\/wp-json\/wp\/v2\/categories?post=6586"},{"taxonomy":"post_tag","embeddable":true,"href":"https:\/\/blogs.correiobraziliense.com.br\/servidor\/wp-json\/wp\/v2\/tags?post=6586"}],"curies":[{"name":"wp","href":"https:\/\/api.w.org\/{rel}","templated":true}]}}