{"id":657,"date":"2015-12-03T15:38:49","date_gmt":"2015-12-03T17:38:49","guid":{"rendered":"https:\/\/blogs.correiobraziliense.com.br\/servidor\/?p=657"},"modified":"2015-12-03T15:38:49","modified_gmt":"2015-12-03T17:38:49","slug":"membros-da-advocacia-geral-da-uniao-rejeitam-unificacao-das-carreiras","status":"publish","type":"post","link":"https:\/\/blogs.correiobraziliense.com.br\/servidor\/membros-da-advocacia-geral-da-uniao-rejeitam-unificacao-das-carreiras\/","title":{"rendered":"MEMBROS DA ADVOCACIA-GERAL DA UNI\u00c3O REJEITAM UNIFICA\u00c7\u00c3O DAS CARREIRAS"},"content":{"rendered":"<p>A Advocacia-Geral da Uni\u00e3o (CGU) recentemente p\u00f4s em debate a unifica\u00e7\u00e3o de carreiras de membros da institui\u00e7\u00e3o com integrantes das carreiras da Procuradoria-Geral Federal e Procurador do Banco Central do Brasil.<\/p>\n<p>Em enquete realizada pela AGU, os membros efetivos da Advocacia-Geral da Uni\u00e3o: Advogados da Uni\u00e3o e Procuradores da Fazenda Nacional (art. 2\u00ba, \u00a75\u00ba da Lei Complementar n.\u00ba 73\/93 c\/c art. 20 da mesma lex) rejeitaram a proposta de unifica\u00e7\u00e3o de carreiras.<\/p>\n<p>A assessoria de imprensa do advogado-geral da Uni\u00e3o, Lu\u00eds In\u00e1cio Adams, asseverou que a \u201cUnifica\u00e7\u00e3o das carreiras da AGU \u00e9 apoiada por 72% dos membros da institui\u00e7\u00e3o\u201d, o que n\u00e3o \u00e9 um fato ver\u00eddico, representando um direcionamento inexato das conclus\u00f5es da referida pesquisa, de acordo com a Associa\u00e7\u00e3o Nacional dos Advogados da Uni\u00e3o (Anauni).<\/p>\n<p>Com efeito, no resultado da enquete realizada, constata-se que 67% dos dvogados da Uni\u00e3o e 58% dos procuradores da Fazenda Nacional se posicionaram contra a unifica\u00e7\u00e3o de carreiras. Nada obstante, a maioria dos integrantes das carreiras que s\u00e3o respons\u00e1veis pela representa\u00e7\u00e3o e assessoramento das autarquias e funda\u00e7\u00f5es p\u00fablicas federais manifestaram o seu intento de querer exercer suas atribui\u00e7\u00f5es tamb\u00e9m no \u00e2mbito da AGU.<\/p>\n<p>A Associa\u00e7\u00e3o Nacional dos Advogados da Uni\u00e3o informa que continuar\u00e1 defendendo o concurso p\u00fablico como a \u00fanica forma de ingresso leg\u00edtima na carreira de Advogado da Uni\u00e3o. Al\u00e9m disso, a Anauni defender\u00e1 o art. 131 da CF, bem como a reserva de lei complementar para qualquer tipo de mudan\u00e7a na estrutura da Institui\u00e7\u00e3o.<\/p>\n<p>Finalmente, a Anauni acredita que o fortalecimento da Advocacia P\u00fablica Federal n\u00e3o passa por improvisos e oportunismos, pois a evolu\u00e7\u00e3o da AGU, bem como do \u00f3rg\u00e3o vinculado de representa\u00e7\u00e3o das autarquias, n\u00e3o tem qualquer rela\u00e7\u00e3o com unifica\u00e7\u00e3o entre as carreiras mencionadas, mas pelo respeito \u00e0 hist\u00f3ria e especificidade de cada carreira, pelas PECs 82\/2007 e 443\/2009 e por uma nova Lei Complementar que esteja \u00e0 altura do papel constitucional da AGU.<\/p>\n","protected":false},"excerpt":{"rendered":"<p>A Advocacia-Geral da Uni\u00e3o (CGU) recentemente p\u00f4s em debate a unifica\u00e7\u00e3o de carreiras de membros da institui\u00e7\u00e3o com integrantes das carreiras da Procuradoria-Geral Federal e Procurador do Banco Central do Brasil. Em enquete realizada pela AGU, os membros efetivos da Advocacia-Geral da Uni\u00e3o: Advogados da Uni\u00e3o e Procuradores da Fazenda Nacional (art. 2\u00ba, \u00a75\u00ba da Lei Complementar n.\u00ba 73\/93 c\/c [&hellip;]<\/p>\n","protected":false},"author":27,"featured_media":0,"comment_status":"open","ping_status":"closed","sticky":false,"template":"","format":"standard","meta":{"footnotes":""},"categories":[1],"tags":[157,55,93,160,156,158,159],"class_list":["post-657","post","type-post","status-publish","format-standard","hentry","category-sem-categoria","tag-agu","tag-carreiras","tag-concurso","tag-ingresso","tag-membros","tag-rejeitam","tag-unificacao"],"_links":{"self":[{"href":"https:\/\/blogs.correiobraziliense.com.br\/servidor\/wp-json\/wp\/v2\/posts\/657","targetHints":{"allow":["GET"]}}],"collection":[{"href":"https:\/\/blogs.correiobraziliense.com.br\/servidor\/wp-json\/wp\/v2\/posts"}],"about":[{"href":"https:\/\/blogs.correiobraziliense.com.br\/servidor\/wp-json\/wp\/v2\/types\/post"}],"author":[{"embeddable":true,"href":"https:\/\/blogs.correiobraziliense.com.br\/servidor\/wp-json\/wp\/v2\/users\/27"}],"replies":[{"embeddable":true,"href":"https:\/\/blogs.correiobraziliense.com.br\/servidor\/wp-json\/wp\/v2\/comments?post=657"}],"version-history":[{"count":1,"href":"https:\/\/blogs.correiobraziliense.com.br\/servidor\/wp-json\/wp\/v2\/posts\/657\/revisions"}],"predecessor-version":[{"id":658,"href":"https:\/\/blogs.correiobraziliense.com.br\/servidor\/wp-json\/wp\/v2\/posts\/657\/revisions\/658"}],"wp:attachment":[{"href":"https:\/\/blogs.correiobraziliense.com.br\/servidor\/wp-json\/wp\/v2\/media?parent=657"}],"wp:term":[{"taxonomy":"category","embeddable":true,"href":"https:\/\/blogs.correiobraziliense.com.br\/servidor\/wp-json\/wp\/v2\/categories?post=657"},{"taxonomy":"post_tag","embeddable":true,"href":"https:\/\/blogs.correiobraziliense.com.br\/servidor\/wp-json\/wp\/v2\/tags?post=657"}],"curies":[{"name":"wp","href":"https:\/\/api.w.org\/{rel}","templated":true}]}}