{"id":6556,"date":"2017-08-31T14:09:02","date_gmt":"2017-08-31T17:09:02","guid":{"rendered":"https:\/\/blogs.correiobraziliense.com.br\/servidor\/?p=6556"},"modified":"2017-08-31T14:09:02","modified_gmt":"2017-08-31T17:09:02","slug":"ajufe-nota-publica-sobre-prisao-de-desembargador-aposentado","status":"publish","type":"post","link":"https:\/\/blogs.correiobraziliense.com.br\/servidor\/ajufe-nota-publica-sobre-prisao-de-desembargador-aposentado\/","title":{"rendered":"Ajufe &#8211; Nota p\u00fablica sobre pris\u00e3o de desembargador aposentado"},"content":{"rendered":"<p><em>O desembargador Francisco Barros Dias, que atuou no Tribunal Regional Federal da 5\u00aa Regi\u00e3o, em Recife, foi preso pela Pol\u00edcia Federal, foi preso por fazer parte de um grupo que explorava a compra e venda de votos e senten\u00e7as em um turma TRF. A Associa\u00e7\u00e3o dos Ju\u00edzes Federais do Brasil (Ajufe) apoia o Tribunal<\/em><\/p>\n<p>Veja a nota:<\/p>\n<p>&#8220;Associa\u00e7\u00e3o dos Ju\u00edzes Federais do Brasil, entidade de classe de \u00e2mbito nacional da magistratura federal, considerando as recentes not\u00edcias da \u201cOpera\u00e7\u00e3o Alcmeon\u201d, envolvendo a pris\u00e3o de um desembargador aposentado, vem a p\u00fablico externar seu profundo apoio ao Tribunal Regional Federal da 5\u00aa Regi\u00e3o, um dos Tribunais mais respeitados do pa\u00eds.<\/p>\n<p>As pris\u00f5es e investiga\u00e7\u00f5es restritivas de direitos e garantias fundamentais da Opera\u00e7\u00e3o Alcmeon foram autorizadas pela pr\u00f3pria Justi\u00e7a Federal no Rio Grande do Norte, o que demonstra o seu compromisso em dar prosseguimento, dentro dos tr\u00e2mites constitucionais de um Estado Democr\u00e1tico de Direito, \u00e0 apura\u00e7\u00e3o de poss\u00edveis crimes.<\/p>\n<p>Evidenciamos \u00e0 sociedade brasileira que o compromisso hist\u00f3rico do TRF da 5\u00aa Regi\u00e3o, instalado em 1989, n\u00e3o se coaduna com qualquer esp\u00e9cie de crime e confia-se que a pr\u00f3pria Justi\u00e7a Federal, com independ\u00eancia, cumprir\u00e1 o seu papel constitucional em rela\u00e7\u00e3o \u00e0 Opera\u00e7\u00e3o Alcmeon.<\/p>\n<p>O TRF da 5\u00aa Regi\u00e3o est\u00e1 entre os tribunais brasileiros mais eficientes nas \u00e1reas de gest\u00e3o e jurisdi\u00e7\u00e3o, de acordo com a pesquisa Justi\u00e7a em N\u00fameros, do Conselho Nacional de Justi\u00e7a (CNJ).<\/p>\n<p>A Ajufe manifesta seu reconhecimento ao trabalho e \u00e0 hist\u00f3ria do TRF da 5\u00aa Regi\u00e3o.<\/p>\n<p align=\"right\">Bras\u00edlia\/DF, 31 de agosto de 2017<\/p>\n<p align=\"center\"><strong>Roberto Carvalho Veloso<\/strong><\/p>\n<p align=\"center\"><strong>Presidente da Ajufe&#8221;<\/strong><\/p>\n","protected":false},"excerpt":{"rendered":"<p>O desembargador Francisco Barros Dias, que atuou no Tribunal Regional Federal da 5\u00aa Regi\u00e3o, em Recife, foi preso pela Pol\u00edcia Federal, foi preso por fazer parte de um grupo que explorava a compra e venda de votos e senten\u00e7as em um turma TRF. A Associa\u00e7\u00e3o dos Ju\u00edzes Federais do Brasil (Ajufe) apoia o Tribunal Veja a nota: &#8220;Associa\u00e7\u00e3o dos Ju\u00edzes [&hellip;]<\/p>\n","protected":false},"author":27,"featured_media":0,"comment_status":"open","ping_status":"closed","sticky":false,"template":"","format":"standard","meta":{"footnotes":""},"categories":[2719],"tags":[1405,2536,881,1642,976,116,263,1456,260,8550,104,2568,1038,5334],"class_list":["post-6556","post","type-post","status-publish","format-standard","hentry","category-servidor","tag-ajufe","tag-aposentado","tag-compromisso","tag-crimes","tag-desembargador","tag-direito","tag-independencia","tag-investigacoes","tag-justica","tag-operacao-alcmeon","tag-policia-federal","tag-preso","tag-prisao","tag-recife"],"_links":{"self":[{"href":"https:\/\/blogs.correiobraziliense.com.br\/servidor\/wp-json\/wp\/v2\/posts\/6556","targetHints":{"allow":["GET"]}}],"collection":[{"href":"https:\/\/blogs.correiobraziliense.com.br\/servidor\/wp-json\/wp\/v2\/posts"}],"about":[{"href":"https:\/\/blogs.correiobraziliense.com.br\/servidor\/wp-json\/wp\/v2\/types\/post"}],"author":[{"embeddable":true,"href":"https:\/\/blogs.correiobraziliense.com.br\/servidor\/wp-json\/wp\/v2\/users\/27"}],"replies":[{"embeddable":true,"href":"https:\/\/blogs.correiobraziliense.com.br\/servidor\/wp-json\/wp\/v2\/comments?post=6556"}],"version-history":[{"count":1,"href":"https:\/\/blogs.correiobraziliense.com.br\/servidor\/wp-json\/wp\/v2\/posts\/6556\/revisions"}],"predecessor-version":[{"id":6557,"href":"https:\/\/blogs.correiobraziliense.com.br\/servidor\/wp-json\/wp\/v2\/posts\/6556\/revisions\/6557"}],"wp:attachment":[{"href":"https:\/\/blogs.correiobraziliense.com.br\/servidor\/wp-json\/wp\/v2\/media?parent=6556"}],"wp:term":[{"taxonomy":"category","embeddable":true,"href":"https:\/\/blogs.correiobraziliense.com.br\/servidor\/wp-json\/wp\/v2\/categories?post=6556"},{"taxonomy":"post_tag","embeddable":true,"href":"https:\/\/blogs.correiobraziliense.com.br\/servidor\/wp-json\/wp\/v2\/tags?post=6556"}],"curies":[{"name":"wp","href":"https:\/\/api.w.org\/{rel}","templated":true}]}}