{"id":6554,"date":"2017-08-31T12:28:48","date_gmt":"2017-08-31T15:28:48","guid":{"rendered":"https:\/\/blogs.correiobraziliense.com.br\/servidor\/?p=6554"},"modified":"2017-08-31T12:28:48","modified_gmt":"2017-08-31T15:28:48","slug":"servidores-em-guerra-contra-pacote-fiscal","status":"publish","type":"post","link":"https:\/\/blogs.correiobraziliense.com.br\/servidor\/servidores-em-guerra-contra-pacote-fiscal\/","title":{"rendered":"Servidores em guerra contra pacote fiscal"},"content":{"rendered":"<p>Carreiras de Estado v\u00e3o partir para a briga. &#8220;Agora \u00e9 guerra&#8221;, afirma o presidente do Fonacate, Rudinei Marques. As classes do topo da pir\u00e2mide enfatizam que a equipe econ\u00f4mica desconhece a realidade do servi\u00e7o p\u00fablico<\/p>\n<p>[youtube https:\/\/www.youtube.com\/watch?v=ik1n5HiO118]<br \/>\nAgentes, escriv\u00e3es e papiloscopistas da Pol\u00edcia Federal n\u00e3o aceitam a posterga\u00e7\u00e3o dos reajustes salariais acordados para 2018, com o pretexto de que o governo vai economizar bilh\u00f5es, enquanto o Executivo torra recursos em emendas parlamentares<\/p>\n<p>[youtube https:\/\/www.youtube.com\/watch?v=lx3b1p5RLP0]<\/p>\n<p>&#8220;Vamos promover uma chuva de a\u00e7\u00f5es judiciais. Mas, anterior a elas, todas as representa\u00e7\u00f5es de categorias v\u00e3o para as ruas e chamar a popula\u00e7\u00e3o para combater as medidas absurdas do governo. Isso os policiais federais do Brasil ainda n\u00e3o fizeram: garantir a seguran\u00e7a dos movimentos sociais. Chega de teatrinho de jogar bomba de g\u00e1s lacrimog\u00eaneo em quem est\u00e1 nas ruas. Vamos convocar a popula\u00e7\u00e3o para acabar com esse esc\u00e1rnio que est\u00e1 acontecendo, de inventar que v\u00e3o poupar R$ 10 bilh\u00f5es com o adiamento de acordos firmados com os servidores p\u00fablicos depois de liberar, torrar R$ 6 bilh\u00f5es em emenda parlamentar, mais R$ 500 bilh\u00f5es de calote de Refis&#8230; E se sou empres\u00e1rio no Brasil, n\u00e3o pago imposto nunca mais, porque o governo incentiva\u00a0 o calote previdenci\u00e1rio e tribut\u00e1rio. Os policiais federais v\u00e3o agora botar a cara e convocar a popula\u00e7\u00e3o para combater as medidas do governo&#8221;, Fl\u00e1vio Werneck, vice-presidente da Federa\u00e7\u00e3o Nacional dos Policiais Federais (Fenapef), em reuni\u00e3o ontem no Minist\u00e9rio do Planejamento (MPOG), com o secret\u00e1rio de Gest\u00e3o de Pessoas, Augusto Chiba, quando o governo apresentou as previs\u00f5es de cortar despesas com pessoal e custeio.<span style=\"font-family: Utopia,sans-serif\"><span style=\"font-size: small\"><br \/>\n<\/span><\/span><\/p>\n<p>.<\/p>\n","protected":false},"excerpt":{"rendered":"<p>Carreiras de Estado v\u00e3o partir para a briga. &#8220;Agora \u00e9 guerra&#8221;, afirma o presidente do Fonacate, Rudinei Marques. As classes do topo da pir\u00e2mide enfatizam que a equipe econ\u00f4mica desconhece a realidade do servi\u00e7o p\u00fablico [youtube https:\/\/www.youtube.com\/watch?v=ik1n5HiO118] Agentes, escriv\u00e3es e papiloscopistas da Pol\u00edcia Federal n\u00e3o aceitam a posterga\u00e7\u00e3o dos reajustes salariais acordados para 2018, com o pretexto de que o [&hellip;]<\/p>\n","protected":false},"author":27,"featured_media":0,"comment_status":"open","ping_status":"closed","sticky":false,"template":"","format":"standard","meta":{"footnotes":""},"categories":[2719],"tags":[2047,8548,78,5303,2402,4177,9,107,67,82,98,647,2577,268,8546,8549,63,6755,8547,58],"class_list":["post-6554","post","type-post","status-publish","format-standard","hentry","category-servidor","tag-acordos","tag-adimanto","tag-ajuste","tag-calote","tag-emendas","tag-empresarios","tag-executivo","tag-fenapef","tag-fiscal","tag-fonacate","tag-governo","tag-guerra","tag-imposto","tag-parlamentares","tag-populcao","tag-poupar","tag-reajuste","tag-refis","tag-salrial","tag-servidores"],"_links":{"self":[{"href":"https:\/\/blogs.correiobraziliense.com.br\/servidor\/wp-json\/wp\/v2\/posts\/6554","targetHints":{"allow":["GET"]}}],"collection":[{"href":"https:\/\/blogs.correiobraziliense.com.br\/servidor\/wp-json\/wp\/v2\/posts"}],"about":[{"href":"https:\/\/blogs.correiobraziliense.com.br\/servidor\/wp-json\/wp\/v2\/types\/post"}],"author":[{"embeddable":true,"href":"https:\/\/blogs.correiobraziliense.com.br\/servidor\/wp-json\/wp\/v2\/users\/27"}],"replies":[{"embeddable":true,"href":"https:\/\/blogs.correiobraziliense.com.br\/servidor\/wp-json\/wp\/v2\/comments?post=6554"}],"version-history":[{"count":1,"href":"https:\/\/blogs.correiobraziliense.com.br\/servidor\/wp-json\/wp\/v2\/posts\/6554\/revisions"}],"predecessor-version":[{"id":6555,"href":"https:\/\/blogs.correiobraziliense.com.br\/servidor\/wp-json\/wp\/v2\/posts\/6554\/revisions\/6555"}],"wp:attachment":[{"href":"https:\/\/blogs.correiobraziliense.com.br\/servidor\/wp-json\/wp\/v2\/media?parent=6554"}],"wp:term":[{"taxonomy":"category","embeddable":true,"href":"https:\/\/blogs.correiobraziliense.com.br\/servidor\/wp-json\/wp\/v2\/categories?post=6554"},{"taxonomy":"post_tag","embeddable":true,"href":"https:\/\/blogs.correiobraziliense.com.br\/servidor\/wp-json\/wp\/v2\/tags?post=6554"}],"curies":[{"name":"wp","href":"https:\/\/api.w.org\/{rel}","templated":true}]}}