{"id":6548,"date":"2017-08-30T15:37:34","date_gmt":"2017-08-30T18:37:34","guid":{"rendered":"https:\/\/blogs.correiobraziliense.com.br\/servidor\/?p=6548"},"modified":"2017-08-30T15:37:34","modified_gmt":"2017-08-30T18:37:34","slug":"tcu-discute-transformacao-da-administracao-publica-federal-por-meio-da-ti","status":"publish","type":"post","link":"https:\/\/blogs.correiobraziliense.com.br\/servidor\/tcu-discute-transformacao-da-administracao-publica-federal-por-meio-da-ti\/","title":{"rendered":"TCU discute transforma\u00e7\u00e3o da administra\u00e7\u00e3o p\u00fablica federal por meio da TI"},"content":{"rendered":"<p><em>&#8220;Di\u00e1logo P\u00fablico &#8211;\u00a0 Tecnologia da Informa\u00e7\u00e3o: como gerar resultados transformadores&#8221; \u00e9 o evento que o Tribunal de Contas da Uni\u00e3o (TCU) vai realizar no dia 12 de setembro, no Instituto Serzedello Corr\u00eaa (ISC), a Escola Superior do TCU, em Bras\u00edlia. As inscri\u00e7\u00f5es est\u00e3o abertas por esse<a href=\"http:\/\/bit.ly\/2ipvgLl\"> link<\/a> com o c\u00f3digo\u00a0<strong>TI2017,<\/strong> at\u00e9 10 de setembro.<\/em><\/p>\n<p>O encontro vai apresentar, em quatro pain\u00e9is centrais, a realidade da administra\u00e7\u00e3o p\u00fablica sob a perspectiva da Tecnologia da Informa\u00e7\u00e3o. A expectativa \u00e9 induzir os gestores p\u00fablicos a se engajarem no processo de aprimoramento do Estado brasileiro em benef\u00edcio da sociedade, usando o potencial transformador da TI para dar maior agilidade e alcance aos servi\u00e7os prestados.<\/p>\n<p>A programa\u00e7\u00e3o inclui apresenta\u00e7\u00f5es de trabalhos realizados pelo TCU, pelo Minist\u00e9rio da Transpar\u00eancia e Controladoria-Geral da Uni\u00e3o (CGU) e pelo Minist\u00e9rio do Planejamento (MP). O primeiro painel abordar\u00e1 o governo digital e os resultados de auditorias do TCU sobre o tema, al\u00e9m de apresenta\u00e7\u00e3o de trabalhos da CGU, das a\u00e7\u00f5es do MP em andamento e de uma especialista no assunto. O tema do segundo painel \u00e9 Transpar\u00eancia e Combate \u00e0 Fraude e \u00e0 Corrup\u00e7\u00e3o, nele ser\u00e3o apresentadas tr\u00eas palestras: avalia\u00e7\u00e3o da transpar\u00eancia nos portais do Judici\u00e1rio, do Minist\u00e9rio P\u00fablico da Uni\u00e3o, do Legislativo e das estatais; combate aos desvios de recursos p\u00fablicos; e referencial de combate \u00e0 fraude e \u00e0 corrup\u00e7\u00e3o: prevenindo irregularidades.<\/p>\n<p>J\u00e1 o terceiro painel discutir\u00e1 Governan\u00e7a e Gest\u00e3o de TI, com apresenta\u00e7\u00e3o de quatro cases acerca do tema. O \u00faltimo painel ser\u00e1 sobre Contrata\u00e7\u00f5es de TI. Nele ser\u00e3o abordados os temas: como mitigar riscos na contrata\u00e7\u00e3o; os problemas mais identificados em contrata\u00e7\u00e3o de<em>\u00a0Content Delivery Network (CDN);\u00a0<\/em>entre outros.<\/p>\n<p><strong><a href=\"http:\/\/bit.ly\/2vtLm80\">Clique e confira a programa\u00e7\u00e3o completa.<\/a><\/strong><\/p>\n<p><strong>Servi\u00e7o:<\/strong><\/p>\n<p>T\u00edtulo: Tecnologia da Informa\u00e7\u00e3o: como gerar resultados transformadores?<\/p>\n<p>Data: 12\/09<\/p>\n<p>Hor\u00e1rio: das 9h \u00e0s 18h<\/p>\n<p>Inscri\u00e7\u00f5es: 17 de agosto a 10 de setembro<\/p>\n<p>P\u00fablico-alvo: gestores p\u00fablicos e servidores da \u00e1rea de TI<\/p>\n<p><strong>Para se inscrever,\u00a0<a href=\"http:\/\/bit.ly\/2ipvgLl\">clique neste link\u00a0<\/a>e digite o c\u00f3digo\u00a0TI2017.<\/strong><\/p>\n","protected":false},"excerpt":{"rendered":"<p>&#8220;Di\u00e1logo P\u00fablico &#8211;\u00a0 Tecnologia da Informa\u00e7\u00e3o: como gerar resultados transformadores&#8221; \u00e9 o evento que o Tribunal de Contas da Uni\u00e3o (TCU) vai realizar no dia 12 de setembro, no Instituto Serzedello Corr\u00eaa (ISC), a Escola Superior do TCU, em Bras\u00edlia. As inscri\u00e7\u00f5es est\u00e3o abertas por esse link com o c\u00f3digo\u00a0TI2017, at\u00e9 10 de setembro. O encontro vai apresentar, em quatro [&hellip;]<\/p>\n","protected":false},"author":27,"featured_media":0,"comment_status":"open","ping_status":"closed","sticky":false,"template":"","format":"standard","meta":{"footnotes":""},"categories":[2719],"tags":[1191,8542,767,2035,205,124,180,4384,353,4339,853,8541,147,1121,1379,351,635,3518,5777,168],"class_list":["post-6548","post","type-post","status-publish","format-standard","hentry","category-servidor","tag-administracao","tag-agiliade","tag-aprimoramento","tag-cgu","tag-corrupcao","tag-federal","tag-fraude","tag-gestores","tag-irregularidades","tag-isc","tag-mp","tag-paineis","tag-publica","tag-resultados","tag-servicos","tag-sociedade","tag-tcu","tag-ti","tag-transformacao","tag-transparencia"],"_links":{"self":[{"href":"https:\/\/blogs.correiobraziliense.com.br\/servidor\/wp-json\/wp\/v2\/posts\/6548","targetHints":{"allow":["GET"]}}],"collection":[{"href":"https:\/\/blogs.correiobraziliense.com.br\/servidor\/wp-json\/wp\/v2\/posts"}],"about":[{"href":"https:\/\/blogs.correiobraziliense.com.br\/servidor\/wp-json\/wp\/v2\/types\/post"}],"author":[{"embeddable":true,"href":"https:\/\/blogs.correiobraziliense.com.br\/servidor\/wp-json\/wp\/v2\/users\/27"}],"replies":[{"embeddable":true,"href":"https:\/\/blogs.correiobraziliense.com.br\/servidor\/wp-json\/wp\/v2\/comments?post=6548"}],"version-history":[{"count":1,"href":"https:\/\/blogs.correiobraziliense.com.br\/servidor\/wp-json\/wp\/v2\/posts\/6548\/revisions"}],"predecessor-version":[{"id":6549,"href":"https:\/\/blogs.correiobraziliense.com.br\/servidor\/wp-json\/wp\/v2\/posts\/6548\/revisions\/6549"}],"wp:attachment":[{"href":"https:\/\/blogs.correiobraziliense.com.br\/servidor\/wp-json\/wp\/v2\/media?parent=6548"}],"wp:term":[{"taxonomy":"category","embeddable":true,"href":"https:\/\/blogs.correiobraziliense.com.br\/servidor\/wp-json\/wp\/v2\/categories?post=6548"},{"taxonomy":"post_tag","embeddable":true,"href":"https:\/\/blogs.correiobraziliense.com.br\/servidor\/wp-json\/wp\/v2\/tags?post=6548"}],"curies":[{"name":"wp","href":"https:\/\/api.w.org\/{rel}","templated":true}]}}