{"id":6538,"date":"2017-08-30T11:20:46","date_gmt":"2017-08-30T14:20:46","guid":{"rendered":"https:\/\/blogs.correiobraziliense.com.br\/servidor\/?p=6538"},"modified":"2017-08-30T11:20:46","modified_gmt":"2017-08-30T14:20:46","slug":"sindicalistas-se-reunem-hoje-com-presidente-interino-rodrigo-maia","status":"publish","type":"post","link":"https:\/\/blogs.correiobraziliense.com.br\/servidor\/sindicalistas-se-reunem-hoje-com-presidente-interino-rodrigo-maia\/","title":{"rendered":"Sindicalistas se re\u00fanem, hoje, com presidente interino Rodrigo Maia"},"content":{"rendered":"<p>Representantes das seis centrais sindicais v\u00e3o se reunir, nesta <span id=\"OBJ_PREFIX_DWT726_com_zimbra_date\" class=\"Object\"><span id=\"OBJ_PREFIX_DWT736_com_zimbra_date\" class=\"Object\">quarta<\/span><\/span>-feira, 30, \u00e0s 16 horas, com o presidente interino, Rodrigo Maia, no Pal\u00e1cio do Planalto, em Bras\u00edlia, para discutir Medida Provis\u00f3ria que vai estabelecer uma nova contribui\u00e7\u00e3o sindical.<\/p>\n<p><b>Agenda: Sindicalistas se re\u00fanem com presidente interino<\/b><\/p>\n<p><b>Data:<\/b> <span id=\"OBJ_PREFIX_DWT727_com_zimbra_date\" class=\"Object\"><span id=\"OBJ_PREFIX_DWT737_com_zimbra_date\" class=\"Object\">30 de agosto<\/span><\/span><br \/>\n<b>Hor\u00e1rio:<\/b> 16 horas<br \/>\n<b>Local:<\/b> Pal\u00e1cio do Planalto<\/p>\n","protected":false},"excerpt":{"rendered":"<p>Representantes das seis centrais sindicais v\u00e3o se reunir, nesta quarta-feira, 30, \u00e0s 16 horas, com o presidente interino, Rodrigo Maia, no Pal\u00e1cio do Planalto, em Bras\u00edlia, para discutir Medida Provis\u00f3ria que vai estabelecer uma nova contribui\u00e7\u00e3o sindical. Agenda: Sindicalistas se re\u00fanem com presidente interino Data: 30 de agosto Hor\u00e1rio: 16 horas Local: Pal\u00e1cio do Planalto<\/p>\n","protected":false},"author":27,"featured_media":0,"comment_status":"open","ping_status":"closed","sticky":false,"template":"","format":"standard","meta":{"footnotes":""},"categories":[2719],"tags":[1259,131,2290,853,2211,81,3846,1260,4319,4176],"class_list":["post-6538","post","type-post","status-publish","format-standard","hentry","category-servidor","tag-centrais","tag-contribuicao","tag-interino","tag-mp","tag-planalto","tag-presidente","tag-rodrigo-maia","tag-sindicais","tag-sindical","tag-sindicalistas"],"_links":{"self":[{"href":"https:\/\/blogs.correiobraziliense.com.br\/servidor\/wp-json\/wp\/v2\/posts\/6538","targetHints":{"allow":["GET"]}}],"collection":[{"href":"https:\/\/blogs.correiobraziliense.com.br\/servidor\/wp-json\/wp\/v2\/posts"}],"about":[{"href":"https:\/\/blogs.correiobraziliense.com.br\/servidor\/wp-json\/wp\/v2\/types\/post"}],"author":[{"embeddable":true,"href":"https:\/\/blogs.correiobraziliense.com.br\/servidor\/wp-json\/wp\/v2\/users\/27"}],"replies":[{"embeddable":true,"href":"https:\/\/blogs.correiobraziliense.com.br\/servidor\/wp-json\/wp\/v2\/comments?post=6538"}],"version-history":[{"count":1,"href":"https:\/\/blogs.correiobraziliense.com.br\/servidor\/wp-json\/wp\/v2\/posts\/6538\/revisions"}],"predecessor-version":[{"id":6539,"href":"https:\/\/blogs.correiobraziliense.com.br\/servidor\/wp-json\/wp\/v2\/posts\/6538\/revisions\/6539"}],"wp:attachment":[{"href":"https:\/\/blogs.correiobraziliense.com.br\/servidor\/wp-json\/wp\/v2\/media?parent=6538"}],"wp:term":[{"taxonomy":"category","embeddable":true,"href":"https:\/\/blogs.correiobraziliense.com.br\/servidor\/wp-json\/wp\/v2\/categories?post=6538"},{"taxonomy":"post_tag","embeddable":true,"href":"https:\/\/blogs.correiobraziliense.com.br\/servidor\/wp-json\/wp\/v2\/tags?post=6538"}],"curies":[{"name":"wp","href":"https:\/\/api.w.org\/{rel}","templated":true}]}}