{"id":6530,"date":"2017-08-29T14:50:59","date_gmt":"2017-08-29T17:50:59","guid":{"rendered":"https:\/\/blogs.correiobraziliense.com.br\/servidor\/?p=6530"},"modified":"2017-08-29T14:50:59","modified_gmt":"2017-08-29T17:50:59","slug":"camara-dos-deputados-videochat-sobre-mp-do-fies","status":"publish","type":"post","link":"https:\/\/blogs.correiobraziliense.com.br\/servidor\/camara-dos-deputados-videochat-sobre-mp-do-fies\/","title":{"rendered":"C\u00e2mara dos Deputados &#8211; videochat sobre MP  do Fies"},"content":{"rendered":"<p><i>Bate-papo ser\u00e1 transmitido ao vivo pelo Youtube e possibilitar\u00e1 intera\u00e7\u00e3o dos cidad\u00e3os com o relator da mat\u00e9ria<\/i><\/p>\n<p>A C\u00e2mara dos Deputados far\u00e1, nesta quinta-feira (31), \u00e0s 11 horas, um videochat sobre o Fundo de Financiamento Estudantil (Fies). O bate-papo ser\u00e1 com o deputado Alex Canziani (PTB\/PR), relator da <a href=\"http:\/\/www.camara.gov.br\/proposicoesWeb\/prop_mostrarintegra;jsessionid=900DB5F10380D1FEEEEC3305DEEE7F14.proposicoesWeb2?codteor=1577285&amp;filename=MPV+785\/2017\" target=\"_blank\">Medida Provis\u00f3ria (MP) 785\/17<\/a>, que trata do assunto. Os cidad\u00e3os poder\u00e3o enviar perguntas pelo portal e-Democracia, no endere\u00e7o <a href=\"https:\/\/edemocracia.camara.leg.br\/audiencias\/sala\/378\" target=\"_blank\">https:\/\/edemocracia.camara.leg.br\/audiencias\/sala\/378<\/a>.<\/p>\n<p><strong>Como funciona<\/strong><\/p>\n<p>O videochat \u00e9 transmitido ao vivo pelo Youtube e pode ser compartilhado nas redes sociais. A sala de bate-papo \u00e9 aberta com anteced\u00eancia e o internauta pode entrar e postar sua pergunta, mesmo que n\u00e3o participe ao vivo. Al\u00e9m disso, pode pedir aos amigos que votem em sua pergunta, pois as mais votadas t\u00eam maior chance de serem respondidas pelo deputado durante a transmiss\u00e3o do videochat, que dura cerca de uma hora.<\/p>\n","protected":false},"excerpt":{"rendered":"<p>Bate-papo ser\u00e1 transmitido ao vivo pelo Youtube e possibilitar\u00e1 intera\u00e7\u00e3o dos cidad\u00e3os com o relator da mat\u00e9ria A C\u00e2mara dos Deputados far\u00e1, nesta quinta-feira (31), \u00e0s 11 horas, um videochat sobre o Fundo de Financiamento Estudantil (Fies). O bate-papo ser\u00e1 com o deputado Alex Canziani (PTB\/PR), relator da Medida Provis\u00f3ria (MP) 785\/17, que trata do assunto. Os cidad\u00e3os poder\u00e3o enviar [&hellip;]<\/p>\n","protected":false},"author":27,"featured_media":0,"comment_status":"open","ping_status":"closed","sticky":false,"template":"","format":"standard","meta":{"footnotes":""},"categories":[2719],"tags":[8513,61,1213,359,8514,4707,2684,1493,853,3497,3235,3236,3169,707,6419,912],"class_list":["post-6530","post","type-post","status-publish","format-standard","hentry","category-servidor","tag-bate-papo","tag-camara","tag-cidadaos","tag-deputado","tag-e-democracia","tag-fies","tag-interacao","tag-materia","tag-mp","tag-pergunta","tag-portal","tag-redes","tag-relator","tag-sociais","tag-videochat","tag-youtube"],"_links":{"self":[{"href":"https:\/\/blogs.correiobraziliense.com.br\/servidor\/wp-json\/wp\/v2\/posts\/6530","targetHints":{"allow":["GET"]}}],"collection":[{"href":"https:\/\/blogs.correiobraziliense.com.br\/servidor\/wp-json\/wp\/v2\/posts"}],"about":[{"href":"https:\/\/blogs.correiobraziliense.com.br\/servidor\/wp-json\/wp\/v2\/types\/post"}],"author":[{"embeddable":true,"href":"https:\/\/blogs.correiobraziliense.com.br\/servidor\/wp-json\/wp\/v2\/users\/27"}],"replies":[{"embeddable":true,"href":"https:\/\/blogs.correiobraziliense.com.br\/servidor\/wp-json\/wp\/v2\/comments?post=6530"}],"version-history":[{"count":1,"href":"https:\/\/blogs.correiobraziliense.com.br\/servidor\/wp-json\/wp\/v2\/posts\/6530\/revisions"}],"predecessor-version":[{"id":6531,"href":"https:\/\/blogs.correiobraziliense.com.br\/servidor\/wp-json\/wp\/v2\/posts\/6530\/revisions\/6531"}],"wp:attachment":[{"href":"https:\/\/blogs.correiobraziliense.com.br\/servidor\/wp-json\/wp\/v2\/media?parent=6530"}],"wp:term":[{"taxonomy":"category","embeddable":true,"href":"https:\/\/blogs.correiobraziliense.com.br\/servidor\/wp-json\/wp\/v2\/categories?post=6530"},{"taxonomy":"post_tag","embeddable":true,"href":"https:\/\/blogs.correiobraziliense.com.br\/servidor\/wp-json\/wp\/v2\/tags?post=6530"}],"curies":[{"name":"wp","href":"https:\/\/api.w.org\/{rel}","templated":true}]}}