{"id":6526,"date":"2017-08-28T19:33:42","date_gmt":"2017-08-28T22:33:42","guid":{"rendered":"https:\/\/blogs.correiobraziliense.com.br\/servidor\/?p=6526"},"modified":"2017-08-28T19:33:42","modified_gmt":"2017-08-28T22:33:42","slug":"rodoviarios-suspendem-greve-ate-data-da-proxima-negociacao-com-as-empresas-de-onibus","status":"publish","type":"post","link":"https:\/\/blogs.correiobraziliense.com.br\/servidor\/rodoviarios-suspendem-greve-ate-data-da-proxima-negociacao-com-as-empresas-de-onibus\/","title":{"rendered":"Rodovi\u00e1rios suspendem a greve at\u00e9 a data da pr\u00f3xima negocia\u00e7\u00e3o com as empresas de \u00f4nibus"},"content":{"rendered":"<div><em>Durante a audi\u00eancia de concilia\u00e7\u00e3o na sede do Tribunal Regional do Trabalho da 10\u00aa Regi\u00e3o (TRT10), na tarde desta segunda-feira (28), o Sindicato dos Rodovi\u00e1rios do Distrito Federal (SITTRATER-DF) se comprometeu a suspender a greve a partir da madrugada desta ter\u00e7a-feira (29) at\u00e9 quarta-feira (30), ap\u00f3s o t\u00e9rmino da nova reuni\u00e3o de negocia\u00e7\u00e3o com as empresas de \u00f4nibus, marcada para as 9h30<\/em><\/div>\n<div><\/div>\n<div>A proposta de adiamento da audi\u00eancia para retomada das negocia\u00e7\u00f5es no dia 30 foi da vice-presidente do TRT10, desembargadora Maria Regina Machado Guimar\u00e3es. Na ocasi\u00e3o, as partes solicitaram a intima\u00e7\u00e3o do secret\u00e1rio de Mobilidade Urbana do Governo do Distrito Federal para a nova audi\u00eancia, em que dever\u00e3o ser discutidas as reivindica\u00e7\u00f5es da categoria dos rodovi\u00e1rios.<\/div>\n<div><\/div>\n<div><b>Compet\u00eancia<\/b><\/div>\n<div><\/div>\n<div>O SITTRATER-DF aproveitou a oportunidade para requerer \u00e0 Justi\u00e7a do Trabalho que fosse avocada a compet\u00eancia para dirimir a quest\u00e3o da greve, em raz\u00e3o da decis\u00e3o proferida pelo ju\u00edzo da 4\u00aa Vara de Fazenda P\u00fablica do DF nos autos do processo n\u00ba 2017.01.1.045987-7. Para a entidade que representa os trabalhadores, o intuito \u00e9 conferir seguran\u00e7a jur\u00eddica a lit\u00edgios envolvendo o direito coletivo de greve. O Minist\u00e9rio P\u00fablico do Trabalho (MPT) se manifestou favor\u00e1vel ao requerimento, que ainda dever\u00e1 ser analisado pela Presid\u00eancia do TRT10 at\u00e9 o in\u00edcio da reuni\u00e3o do dia 30.<\/div>\n<div><\/div>\n<div><b>Liminar<\/b><\/div>\n<div><\/div>\n<div>Pela manh\u00e3, logo ap\u00f3s o in\u00edcio da greve, a desembargadora Maria Regina determinou que os rodovi\u00e1rios garantissem a circula\u00e7\u00e3o de 100% das frotas, por linha de cada empresa, nos hor\u00e1rios de pico, ou seja, das 5h \u00e0s 9h30, das 11h \u00e0s 13h e das 17h \u00e0s 19h. A liminar tamb\u00e9m determinava que os rodovi\u00e1rios se abstivessem de obstruir as garagens e impedir, por qualquer meio, a circula\u00e7\u00e3o de ve\u00edculos, sob pena de multa di\u00e1ria de R$ 150 mil.<\/div>\n<div><\/div>\n<div>No in\u00edcio da audi\u00eancia de concilia\u00e7\u00e3o, a magistrada complementou sua decis\u00e3o para obrigar a circula\u00e7\u00e3o de 60% das frotas nos demais hor\u00e1rios. Contudo, a suspens\u00e3o da greve, por iniciativa dos rodovi\u00e1rios, fez com que a liminar perdesse seu objeto.<\/div>\n<div><\/div>\n<div>Processos n\u00bas 0000496-35.2017.5.10.0000 e 0000497-20.2017.5.10.0000 (Pje-JT)<\/div>\n<div><\/div>\n<div>Fonte. N\u00facleo de Comunica\u00e7\u00e3o Social &#8211; Tribunal Regional do Trabalho da 10\u00aa Regi\u00e3o \u2013 Distrito Federal e Tocantins<\/div>\n","protected":false},"excerpt":{"rendered":"<p>Durante a audi\u00eancia de concilia\u00e7\u00e3o na sede do Tribunal Regional do Trabalho da 10\u00aa Regi\u00e3o (TRT10), na tarde desta segunda-feira (28), o Sindicato dos Rodovi\u00e1rios do Distrito Federal (SITTRATER-DF) se comprometeu a suspender a greve a partir da madrugada desta ter\u00e7a-feira (29) at\u00e9 quarta-feira (30), ap\u00f3s o t\u00e9rmino da nova reuni\u00e3o de negocia\u00e7\u00e3o com as empresas de \u00f4nibus, marcada para [&hellip;]<\/p>\n","protected":false},"author":27,"featured_media":0,"comment_status":"open","ping_status":"closed","sticky":false,"template":"","format":"standard","meta":{"footnotes":""},"categories":[2719],"tags":[192,1238,390,15,2890,260,5023,8511,3474,42,430,54,689,5766,208,8510,688,5347],"class_list":["post-6526","post","type-post","status-publish","format-standard","hentry","category-servidor","tag-audiencia","tag-conciliacao","tag-empresas","tag-greve","tag-juridica","tag-justica","tag-litigios","tag-madrugada","tag-mpt","tag-negociacao","tag-onibus","tag-proposta","tag-reivindicacoes","tag-rodoviarios","tag-seguranca","tag-sittrater-df","tag-suspendem","tag-trt10"],"_links":{"self":[{"href":"https:\/\/blogs.correiobraziliense.com.br\/servidor\/wp-json\/wp\/v2\/posts\/6526","targetHints":{"allow":["GET"]}}],"collection":[{"href":"https:\/\/blogs.correiobraziliense.com.br\/servidor\/wp-json\/wp\/v2\/posts"}],"about":[{"href":"https:\/\/blogs.correiobraziliense.com.br\/servidor\/wp-json\/wp\/v2\/types\/post"}],"author":[{"embeddable":true,"href":"https:\/\/blogs.correiobraziliense.com.br\/servidor\/wp-json\/wp\/v2\/users\/27"}],"replies":[{"embeddable":true,"href":"https:\/\/blogs.correiobraziliense.com.br\/servidor\/wp-json\/wp\/v2\/comments?post=6526"}],"version-history":[{"count":1,"href":"https:\/\/blogs.correiobraziliense.com.br\/servidor\/wp-json\/wp\/v2\/posts\/6526\/revisions"}],"predecessor-version":[{"id":6527,"href":"https:\/\/blogs.correiobraziliense.com.br\/servidor\/wp-json\/wp\/v2\/posts\/6526\/revisions\/6527"}],"wp:attachment":[{"href":"https:\/\/blogs.correiobraziliense.com.br\/servidor\/wp-json\/wp\/v2\/media?parent=6526"}],"wp:term":[{"taxonomy":"category","embeddable":true,"href":"https:\/\/blogs.correiobraziliense.com.br\/servidor\/wp-json\/wp\/v2\/categories?post=6526"},{"taxonomy":"post_tag","embeddable":true,"href":"https:\/\/blogs.correiobraziliense.com.br\/servidor\/wp-json\/wp\/v2\/tags?post=6526"}],"curies":[{"name":"wp","href":"https:\/\/api.w.org\/{rel}","templated":true}]}}