{"id":6506,"date":"2017-08-25T14:41:38","date_gmt":"2017-08-25T17:41:38","guid":{"rendered":"https:\/\/blogs.correiobraziliense.com.br\/servidor\/?p=6506"},"modified":"2017-08-25T14:41:38","modified_gmt":"2017-08-25T17:41:38","slug":"saiba-quais-as-regras-e-valores-do-13o-dos-aposentados-e-pensionistas-do-inss","status":"publish","type":"post","link":"https:\/\/blogs.correiobraziliense.com.br\/servidor\/saiba-quais-as-regras-e-valores-do-13o-dos-aposentados-e-pensionistas-do-inss\/","title":{"rendered":"Saiba quais as regras e valores do 13\u00ba dos aposentados e pensionistas do INSS"},"content":{"rendered":"<p><i>Pagamento do benef\u00edcio come\u00e7a hoje (25). <\/i><em>Os aposentados e pensionistas do Instituto Nacional do Seguro Social (INSS) receber\u00e3o a primeira parcela do 13\u00ba sal\u00e1rio a partir desta sexta-feira (25). Os dep\u00f3sitos da gratifica\u00e7\u00e3o de Natal ser\u00e3o em conjunto com a folha de agosto para quem recebe um sal\u00e1rio m\u00ednimo (R$ 937,00) e tem final de inscri\u00e7\u00e3o 1. J\u00e1 os segurados que ganham acima do piso v\u00e3o receber entre 1\u00ba e 8 de setembro.<\/em><\/p>\n<p>O Governo Federal confirmou a antecipa\u00e7\u00e3o da primeira parcela do benef\u00edcio no \u00faltimo dia 28 de julho por um decreto no &#8220;Di\u00e1rio Oficial da Uni\u00e3o&#8221;. \u00a0O advogado de Direito Previdenci\u00e1rio Jo\u00e3o Badari, s\u00f3cio do escrit\u00f3rio Aith, Badari e Luchin Advogados, observa que a primeira parcela do abono \u201ccorresponder\u00e1 a at\u00e9 50% do valor do benef\u00edcio relativo ao m\u00eas de agosto e ser\u00e1 paga juntamente com os benef\u00edcios correspondentes a esse m\u00eas\u201d.<\/p>\n<p>Segundo o advogado, a segunda parcela ser\u00e1 a diferen\u00e7a entre o valor total do abono anual e o valor da parcela antecipada e ser\u00e1 paga juntamente com os benef\u00edcios do m\u00eas de novembro.<\/p>\n<p>Segundo Badari, n\u00e3o t\u00eam direito ao 13\u00ba sal\u00e1rio os segurados que recebem os seguintes benef\u00edcios: amparo previdenci\u00e1rio do trabalhador rural; Benef\u00edcio de Presta\u00e7\u00e3o Continuada da Lei Org\u00e2nica da Assist\u00eancia Social (BPC\/LOAS) e Renda Mensal Vital\u00edcia (RMV); amparo assistencial ao idoso e ao deficiente; aux\u00edlio-suplementar por acidente de trabalho; pens\u00e3o mensal vital\u00edcia; abono de perman\u00eancia em servi\u00e7o e sal\u00e1rio-fam\u00edlia.<\/p>\n<p>O advogado refor\u00e7a que, caso o segurado do INSS que tenha se aposentado este ano ou recebido um benef\u00edcio previdenci\u00e1rio em 2017, por per\u00edodo inferior a 12 meses, ter\u00e1 direito a gratifica\u00e7\u00e3o de forma proporcional.<\/p>\n<p>\u201cA \u00fanica exig\u00eancia \u00e9 a esp\u00e9cie do benef\u00edcio; normalmente, ter\u00e3o direito ao 13\u00ba sal\u00e1rio todos os que receberem os seguintes benef\u00edcios da previd\u00eancia social: aux\u00edlio-doen\u00e7a, aux\u00edlio-acidente, sal\u00e1rio-maternidade, aposentadoria, pens\u00e3o por morte e aux\u00edlio-reclus\u00e3o\u201d, alerta.<\/p>\n<p><strong>Duas parcelas<\/strong><\/p>\n<p>A Constitui\u00e7\u00e3o Federal prev\u00ea que o 13\u00ba dos segurados da Previd\u00eancia Social deve ser pago com base no valor integral dos benef\u00edcios ou da aposentadoria recebida pelos benefici\u00e1rios durante o ano, considerando o valor dos proventos do m\u00eas de dezembro. O benef\u00edcio dever\u00e1 ser pago at\u00e9 o final do ano.<\/p>\n<p>O especialista ressalta que poder\u00e1 haver diferen\u00e7as de valores entre a primeira e segunda parcelas da gratifica\u00e7\u00e3o. \u201cImportante destacar que na primeira parcela n\u00e3o h\u00e1 dedu\u00e7\u00f5es relativas ao IR. As dedu\u00e7\u00f5es s\u00e3o na segunda parcela, mas somente para os benef\u00edcios tribut\u00e1veis, o que, neste caso, poder\u00e1 variar o valor das mesmas\u201d, diz Badari.<\/p>\n","protected":false},"excerpt":{"rendered":"<p>Pagamento do benef\u00edcio come\u00e7a hoje (25). Os aposentados e pensionistas do Instituto Nacional do Seguro Social (INSS) receber\u00e3o a primeira parcela do 13\u00ba sal\u00e1rio a partir desta sexta-feira (25). Os dep\u00f3sitos da gratifica\u00e7\u00e3o de Natal ser\u00e3o em conjunto com a folha de agosto para quem recebe um sal\u00e1rio m\u00ednimo (R$ 937,00) e tem final de inscri\u00e7\u00e3o 1. J\u00e1 os segurados [&hellip;]<\/p>\n","protected":false},"author":27,"featured_media":0,"comment_status":"open","ping_status":"closed","sticky":false,"template":"","format":"standard","meta":{"footnotes":""},"categories":[2719],"tags":[2414,389,2267,2826,8464,345,8465,1172,8469,7310,3254,742,1769,150,333,8467,1291,11,1036,447,223,6387,151,6210,8463,5336,393,1603,1555,751,8466,8468,1805,522,261,8470,1808],"class_list":["post-6506","post","type-post","status-publish","format-standard","hentry","category-servidor","tag-13o-salario","tag-abono","tag-acidente","tag-agosto","tag-antecipada","tag-aposentados","tag-bpcloas","tag-decreto","tag-deducoes","tag-deficiente","tag-dezembro","tag-diferenca","tag-dou","tag-folha","tag-gratificacao","tag-idoso","tag-inscricao","tag-inss","tag-integral","tag-ir","tag-natal","tag-novembro","tag-pagamento","tag-parcela","tag-pensionsitas","tag-permanencia","tag-piso","tag-previdencia-social","tag-primeira","tag-regras","tag-rmv","tag-salaio-familia","tag-salario-minimo","tag-segurados","tag-trabalho","tag-tributaveis","tag-valores"],"_links":{"self":[{"href":"https:\/\/blogs.correiobraziliense.com.br\/servidor\/wp-json\/wp\/v2\/posts\/6506","targetHints":{"allow":["GET"]}}],"collection":[{"href":"https:\/\/blogs.correiobraziliense.com.br\/servidor\/wp-json\/wp\/v2\/posts"}],"about":[{"href":"https:\/\/blogs.correiobraziliense.com.br\/servidor\/wp-json\/wp\/v2\/types\/post"}],"author":[{"embeddable":true,"href":"https:\/\/blogs.correiobraziliense.com.br\/servidor\/wp-json\/wp\/v2\/users\/27"}],"replies":[{"embeddable":true,"href":"https:\/\/blogs.correiobraziliense.com.br\/servidor\/wp-json\/wp\/v2\/comments?post=6506"}],"version-history":[{"count":1,"href":"https:\/\/blogs.correiobraziliense.com.br\/servidor\/wp-json\/wp\/v2\/posts\/6506\/revisions"}],"predecessor-version":[{"id":6507,"href":"https:\/\/blogs.correiobraziliense.com.br\/servidor\/wp-json\/wp\/v2\/posts\/6506\/revisions\/6507"}],"wp:attachment":[{"href":"https:\/\/blogs.correiobraziliense.com.br\/servidor\/wp-json\/wp\/v2\/media?parent=6506"}],"wp:term":[{"taxonomy":"category","embeddable":true,"href":"https:\/\/blogs.correiobraziliense.com.br\/servidor\/wp-json\/wp\/v2\/categories?post=6506"},{"taxonomy":"post_tag","embeddable":true,"href":"https:\/\/blogs.correiobraziliense.com.br\/servidor\/wp-json\/wp\/v2\/tags?post=6506"}],"curies":[{"name":"wp","href":"https:\/\/api.w.org\/{rel}","templated":true}]}}