{"id":65,"date":"2015-02-12T17:17:00","date_gmt":"2015-02-12T19:17:00","guid":{"rendered":"https:\/\/blogs.correiobraziliense.com.br\/servidor\/trabalhador_consegue_vaga_no_conselho_de_administracao_da_embraer\/"},"modified":"2015-02-12T17:17:00","modified_gmt":"2015-02-12T19:17:00","slug":"trabalhador_consegue_vaga_no_conselho_de_administracao_da_embraer","status":"publish","type":"post","link":"https:\/\/blogs.correiobraziliense.com.br\/servidor\/trabalhador_consegue_vaga_no_conselho_de_administracao_da_embraer\/","title":{"rendered":"TRABALHADOR CONSEGUE VAGA NO CONSELHO DE ADMINISTRA\u00c7\u00c3O DA EMBRAER"},"content":{"rendered":"<p>Herbert  Claros assinou em cart\u00f3rio uma declara\u00e7\u00e3o p\u00fablica de compromisso  abrindo m\u00e3o do sal\u00e1rio pago aos conselheiros, no valor m\u00e9dio de R$ 51,2  mil. O destino desse dinheiro ser\u00e1 decidido pelos trabalhadores, em  assembleia.  <\/p>\n<p>Com  um resultado hist\u00f3rico, o vice-presidente do Sindicato dos Metal\u00fargicos  de S\u00e3o Jos\u00e9 dos Campos, Herbert Claros da Silva, venceu a elei\u00e7\u00e3o para o  Conselho de Administra\u00e7\u00e3o da Embraer. A apura\u00e7\u00e3o dos votos aconteceu  hoje. \u00c9 a primeira vez, desde a privatiza\u00e7\u00e3o da  empresa, que o Sindicato conquista uma cadeira no Conselho.&nbsp;A  Chapa 4, formada por Herbert Claros e pelo diretor do Sindicato Andr\u00e9  Luis Gon\u00e7alves (suplente), recebeu 4.070 votos. O atual conselheiro,  Ernani de Almeida Ribeiro Junior, ficou em segundo lugar, com 3.741  votos. A chapa da CUT ficou em terceiro lugar, com 2.254 votos. O  Sindicato dos Metal\u00fargicos \u00e9 filiado \u00e0 CSP-Conlutas. Participaram da  elei\u00e7\u00e3o, 11.061 trabalhadores de todas as unidades da f\u00e1brica. &nbsp;A  vaga a ser ocupada por Herbert \u00e9 destinada a um conselheiro eleito  pelos trabalhadores e est\u00e1 prevista no edital de privatiza\u00e7\u00e3o da empresa. Entretanto, todos os conselheiros eram eleitos com o  apoio da Embraer e possu\u00edam cargos de chefia. Os outros dez  conselheiros s\u00e3o indicados pela empresa e pelo governo.&nbsp;Herbert  trabalha na linha de produ\u00e7\u00e3o da f\u00e1brica e durante sua campanha para a  elei\u00e7\u00e3o defendeu a redu\u00e7\u00e3o da jornada de trabalho para 40 horas e mudan\u00e7a no  c\u00e1lculo da PLR (Participa\u00e7\u00e3o nos Lucros e Resultados) para que o valor  pago seja maior para todos os trabalhadores. &nbsp;Herbert  Claros assinou em cart\u00f3rio uma declara\u00e7\u00e3o p\u00fablica de compromisso  abrindo m\u00e3o do sal\u00e1rio pago aos conselheiros, no valor m\u00e9dio de R$ 51,2  mil. O destino desse dinheiro ser\u00e1 decidido pelos trabalhadores, em  assembleia. &nbsp;\u201cNossa  vit\u00f3ria representa o desejo de mudan\u00e7a entre os trabalhadores da  Embraer. Isto j\u00e1 vem ficando claro desde as paralisa\u00e7\u00f5es da  Campanha Salarial de 2014. Agora, com a vaga no Conselho, queremos fazer  com que a empresa ou\u00e7a e atenda as reivindica\u00e7\u00f5es dos trabalhadores\u201d,  afirma Herbert. <\/p>\n<p>Bras\u00edlia, 17h17min   <\/p>\n","protected":false},"excerpt":{"rendered":"<p>Herbert Claros assinou em cart\u00f3rio uma declara\u00e7\u00e3o p\u00fablica de compromisso abrindo m\u00e3o do sal\u00e1rio pago aos conselheiros, no valor m\u00e9dio de R$ 51,2 mil. O destino desse dinheiro ser\u00e1 decidido pelos trabalhadores, em assembleia. Com um resultado hist\u00f3rico, o vice-presidente do Sindicato dos Metal\u00fargicos de S\u00e3o Jos\u00e9 dos Campos, Herbert Claros da Silva, venceu a elei\u00e7\u00e3o para o Conselho de [&hellip;]<\/p>\n","protected":false},"author":27,"featured_media":0,"comment_status":"open","ping_status":"open","sticky":false,"template":"","format":"standard","meta":{"footnotes":""},"categories":[1],"tags":[],"class_list":["post-65","post","type-post","status-publish","format-standard","hentry","category-sem-categoria"],"_links":{"self":[{"href":"https:\/\/blogs.correiobraziliense.com.br\/servidor\/wp-json\/wp\/v2\/posts\/65","targetHints":{"allow":["GET"]}}],"collection":[{"href":"https:\/\/blogs.correiobraziliense.com.br\/servidor\/wp-json\/wp\/v2\/posts"}],"about":[{"href":"https:\/\/blogs.correiobraziliense.com.br\/servidor\/wp-json\/wp\/v2\/types\/post"}],"author":[{"embeddable":true,"href":"https:\/\/blogs.correiobraziliense.com.br\/servidor\/wp-json\/wp\/v2\/users\/27"}],"replies":[{"embeddable":true,"href":"https:\/\/blogs.correiobraziliense.com.br\/servidor\/wp-json\/wp\/v2\/comments?post=65"}],"version-history":[{"count":0,"href":"https:\/\/blogs.correiobraziliense.com.br\/servidor\/wp-json\/wp\/v2\/posts\/65\/revisions"}],"wp:attachment":[{"href":"https:\/\/blogs.correiobraziliense.com.br\/servidor\/wp-json\/wp\/v2\/media?parent=65"}],"wp:term":[{"taxonomy":"category","embeddable":true,"href":"https:\/\/blogs.correiobraziliense.com.br\/servidor\/wp-json\/wp\/v2\/categories?post=65"},{"taxonomy":"post_tag","embeddable":true,"href":"https:\/\/blogs.correiobraziliense.com.br\/servidor\/wp-json\/wp\/v2\/tags?post=65"}],"curies":[{"name":"wp","href":"https:\/\/api.w.org\/{rel}","templated":true}]}}