{"id":649,"date":"2015-12-02T20:22:53","date_gmt":"2015-12-02T22:22:53","guid":{"rendered":"https:\/\/blogs.correiobraziliense.com.br\/servidor\/?p=649"},"modified":"2015-12-02T20:22:53","modified_gmt":"2015-12-02T22:22:53","slug":"alerta-sobre-a-mp-689","status":"publish","type":"post","link":"https:\/\/blogs.correiobraziliense.com.br\/servidor\/alerta-sobre-a-mp-689\/","title":{"rendered":"ALERTA SOBRE A MP 689"},"content":{"rendered":"<p><span style=\"font-family: Utopia,sans-serif\"><span style=\"font-size: small\">O servidor licenciado ou afastado sem remunera\u00e7\u00e3o precisar\u00e1 recolher da sua contribui\u00e7\u00e3o previdenci\u00e1ria (11%) mais a contribui\u00e7\u00e3o da Uni\u00e3o (22%), totalizando 33% sobre a remunera\u00e7\u00e3o total, inclu\u00eddas vantagens pessoais, por meio do preenchimento de uma Guia de Recolhimento da Uni\u00e3o (GRU). De acordo com o Minist\u00e9rio do Planejamento (MP), o procedimento dever\u00e1 ser feito mensalmente, at\u00e9 o segundo dia \u00fatil ap\u00f3s a data do pagamento das remunera\u00e7\u00f5es dos servidores p\u00fablicos efetivos, conforme orientam os par\u00e1grafos 3\u00ba e 4\u00ba do art. 183 da Lei 8.112\/90. O n\u00e3o cumprimento configurar\u00e1 abandono de servi\u00e7o\u201d. Como exemplo, o MP explicou que, como entrou em vigor em 1\u00ba de dezembro de 2015, e o pagamento \u00e9 depositado sempre no primeiro dia \u00fatil do m\u00eas, mas 1\u00ba de janeiro \u00e9 feriado, a contribui\u00e7\u00e3o deve ser paga at\u00e9 4 de janeiro de 2016.<\/span><\/span><\/p>\n","protected":false},"excerpt":{"rendered":"<p>O servidor licenciado ou afastado sem remunera\u00e7\u00e3o precisar\u00e1 recolher da sua contribui\u00e7\u00e3o previdenci\u00e1ria (11%) mais a contribui\u00e7\u00e3o da Uni\u00e3o (22%), totalizando 33% sobre a remunera\u00e7\u00e3o total, inclu\u00eddas vantagens pessoais, por meio do preenchimento de uma Guia de Recolhimento da Uni\u00e3o (GRU). De acordo com o Minist\u00e9rio do Planejamento (MP), o procedimento dever\u00e1 ser feito mensalmente, at\u00e9 o segundo dia \u00fatil [&hellip;]<\/p>\n","protected":false},"author":27,"featured_media":0,"comment_status":"open","ping_status":"closed","sticky":false,"template":"","format":"standard","meta":{"footnotes":""},"categories":[1],"tags":[138,140,141,129,139],"class_list":["post-649","post","type-post","status-publish","format-standard","hentry","category-sem-categoria","tag-alerta","tag-gru","tag-ministerio-do-planejamento","tag-mp-689","tag-recolhimento"],"_links":{"self":[{"href":"https:\/\/blogs.correiobraziliense.com.br\/servidor\/wp-json\/wp\/v2\/posts\/649","targetHints":{"allow":["GET"]}}],"collection":[{"href":"https:\/\/blogs.correiobraziliense.com.br\/servidor\/wp-json\/wp\/v2\/posts"}],"about":[{"href":"https:\/\/blogs.correiobraziliense.com.br\/servidor\/wp-json\/wp\/v2\/types\/post"}],"author":[{"embeddable":true,"href":"https:\/\/blogs.correiobraziliense.com.br\/servidor\/wp-json\/wp\/v2\/users\/27"}],"replies":[{"embeddable":true,"href":"https:\/\/blogs.correiobraziliense.com.br\/servidor\/wp-json\/wp\/v2\/comments?post=649"}],"version-history":[{"count":1,"href":"https:\/\/blogs.correiobraziliense.com.br\/servidor\/wp-json\/wp\/v2\/posts\/649\/revisions"}],"predecessor-version":[{"id":650,"href":"https:\/\/blogs.correiobraziliense.com.br\/servidor\/wp-json\/wp\/v2\/posts\/649\/revisions\/650"}],"wp:attachment":[{"href":"https:\/\/blogs.correiobraziliense.com.br\/servidor\/wp-json\/wp\/v2\/media?parent=649"}],"wp:term":[{"taxonomy":"category","embeddable":true,"href":"https:\/\/blogs.correiobraziliense.com.br\/servidor\/wp-json\/wp\/v2\/categories?post=649"},{"taxonomy":"post_tag","embeddable":true,"href":"https:\/\/blogs.correiobraziliense.com.br\/servidor\/wp-json\/wp\/v2\/tags?post=649"}],"curies":[{"name":"wp","href":"https:\/\/api.w.org\/{rel}","templated":true}]}}