{"id":6488,"date":"2017-08-24T11:15:37","date_gmt":"2017-08-24T14:15:37","guid":{"rendered":"https:\/\/blogs.correiobraziliense.com.br\/servidor\/?p=6488"},"modified":"2017-08-24T11:15:37","modified_gmt":"2017-08-24T14:15:37","slug":"bonus-de-eficiencia-para-o-fisco-saira-por-decreto","status":"publish","type":"post","link":"https:\/\/blogs.correiobraziliense.com.br\/servidor\/bonus-de-eficiencia-para-o-fisco-saira-por-decreto\/","title":{"rendered":"B\u00f4nus de efici\u00eancia para o Fisco sair\u00e1 por decreto"},"content":{"rendered":"<p>Em reuni\u00e3o com o presidente da Associa\u00e7\u00e3o Nacional dos Auditores Fiscais da Receita Federal (Anfip), Floriano Martins de S\u00e1 Neto, o secret\u00e1rio da Receita, Jorge Rachid, afirmou que a regulamenta\u00e7\u00e3o do b\u00f4nus de efici\u00eancia e produtividade aconte\u00e7a por meio de decreto presidencial<\/p>\n<p>\u201cVamos seguir o rito. Primeiro, a publica\u00e7\u00e3o do decreto\u201d, afirmou Rachid. De acordo com a S\u00e1 Neto, a Anfip n\u00e3o abre m\u00e3o da paridade do b\u00f4nus: \u201cPelo ponto de vista administrativo, a campanha salarial est\u00e1 encerrada. Mas, a quest\u00e3o do b\u00f4nus parit\u00e1rio aos aposentados, pensionistas e ativos em in\u00edcio de carreira ser\u00e1 objeto de a\u00e7\u00e3o judicial, j\u00e1 autorizada pelos associados\u201d. disse.<\/p>\n<p><strong>Reforma tribut\u00e1ria<\/strong><\/p>\n<p>Outro ponto abordado na reuni\u00e3o foi a necessidade de reforma no sistema tribut\u00e1rio do pa\u00eds, diferentemente dos moldes que est\u00e1 sendo discutido no Congresso Nacional. \u201cA Anfip reuniu um grupo de especialistas que vai formular um diagn\u00f3stico e uma proposta para o sistema tribut\u00e1rio brasileiro\u201d, explicou S\u00e1 Neto.<\/p>\n<p>O\u00a0 projeto \u00e9 amplo, incluindo debate com diversos segmentos da sociedade, semin\u00e1rios e publica\u00e7\u00e3o de estudos. A expectativa \u00e9 de que o documento final seja apresentado em maio do pr\u00f3ximo ano.<\/p>\n","protected":false},"excerpt":{"rendered":"<p>Em reuni\u00e3o com o presidente da Associa\u00e7\u00e3o Nacional dos Auditores Fiscais da Receita Federal (Anfip), Floriano Martins de S\u00e1 Neto, o secret\u00e1rio da Receita, Jorge Rachid, afirmou que a regulamenta\u00e7\u00e3o do b\u00f4nus de efici\u00eancia e produtividade aconte\u00e7a por meio de decreto presidencial \u201cVamos seguir o rito. Primeiro, a publica\u00e7\u00e3o do decreto\u201d, afirmou Rachid. De acordo com a S\u00e1 Neto, a [&hellip;]<\/p>\n","protected":false},"author":27,"featured_media":0,"comment_status":"open","ping_status":"closed","sticky":false,"template":"","format":"standard","meta":{"footnotes":""},"categories":[2719],"tags":[176,771,345,865,231,305,188,1172,1033,247,951,1505,7307,4455,6284,294,18],"class_list":["post-6488","post","type-post","status-publish","format-standard","hentry","category-servidor","tag-acao","tag-anfip","tag-aposentados","tag-ativos","tag-bonus","tag-campanha","tag-carreira","tag-decreto","tag-eficiencia","tag-fisco","tag-judicial","tag-paridade","tag-paritario","tag-pensionista","tag-presidencial","tag-receita-federal","tag-salarial"],"_links":{"self":[{"href":"https:\/\/blogs.correiobraziliense.com.br\/servidor\/wp-json\/wp\/v2\/posts\/6488","targetHints":{"allow":["GET"]}}],"collection":[{"href":"https:\/\/blogs.correiobraziliense.com.br\/servidor\/wp-json\/wp\/v2\/posts"}],"about":[{"href":"https:\/\/blogs.correiobraziliense.com.br\/servidor\/wp-json\/wp\/v2\/types\/post"}],"author":[{"embeddable":true,"href":"https:\/\/blogs.correiobraziliense.com.br\/servidor\/wp-json\/wp\/v2\/users\/27"}],"replies":[{"embeddable":true,"href":"https:\/\/blogs.correiobraziliense.com.br\/servidor\/wp-json\/wp\/v2\/comments?post=6488"}],"version-history":[{"count":1,"href":"https:\/\/blogs.correiobraziliense.com.br\/servidor\/wp-json\/wp\/v2\/posts\/6488\/revisions"}],"predecessor-version":[{"id":6489,"href":"https:\/\/blogs.correiobraziliense.com.br\/servidor\/wp-json\/wp\/v2\/posts\/6488\/revisions\/6489"}],"wp:attachment":[{"href":"https:\/\/blogs.correiobraziliense.com.br\/servidor\/wp-json\/wp\/v2\/media?parent=6488"}],"wp:term":[{"taxonomy":"category","embeddable":true,"href":"https:\/\/blogs.correiobraziliense.com.br\/servidor\/wp-json\/wp\/v2\/categories?post=6488"},{"taxonomy":"post_tag","embeddable":true,"href":"https:\/\/blogs.correiobraziliense.com.br\/servidor\/wp-json\/wp\/v2\/tags?post=6488"}],"curies":[{"name":"wp","href":"https:\/\/api.w.org\/{rel}","templated":true}]}}