{"id":6480,"date":"2017-08-23T17:45:26","date_gmt":"2017-08-23T20:45:26","guid":{"rendered":"https:\/\/blogs.correiobraziliense.com.br\/servidor\/?p=6480"},"modified":"2017-08-23T17:45:26","modified_gmt":"2017-08-23T20:45:26","slug":"mpf-trf2-nega-libertacao-de-acusado-da-operacao-ratatouille","status":"publish","type":"post","link":"https:\/\/blogs.correiobraziliense.com.br\/servidor\/mpf-trf2-nega-libertacao-de-acusado-da-operacao-ratatouille\/","title":{"rendered":"MPF: TRF2 nega liberta\u00e7\u00e3o de acusado da Opera\u00e7\u00e3o Ratatouille"},"content":{"rendered":"<div><span style=\"font-size: large\"><em>Tribunal confirma pris\u00e3o de Marco Antonio de Luca por unanimidade. N<span style=\"font-size: medium\">ovos fatos corroboram delitos de lavagem de capitais a partir do fornecimento de merenda escolar e alimenta\u00e7\u00e3o em troca de vantagens indevidas para a organiza\u00e7\u00e3o do ex-governador S\u00e9rgio Cabral.<\/span><br \/>\n<\/em><\/span><\/div>\n<div><\/div>\n<div><span style=\"font-size: medium\">Acolhendo manifesta\u00e7\u00e3o do Minist\u00e9rio P\u00fablico Federal (MPF), o Tribunal Regional Federal da 2a Regi\u00e3o (TRF2) manteve a pris\u00e3o do empres\u00e1rio Marco Antonio de Luca, acusado pela For\u00e7a-tarefa Lava Jato\/RJ, a partir da Opera\u00e7\u00e3o Ratatouille, dos crimes de corrup\u00e7\u00e3o passiva, organiza\u00e7\u00e3o criminosa e, posteriormente, lavagem de dinheiro. A pris\u00e3o preventiva foi confirmada pela unanimidade dos desembargadores, que seguiram o entendimento do MPF de que os fundamentos da pris\u00e3o, como a garantia da ordem p\u00fablica e a gravidade das condutas, n\u00e3o se alteraram.<\/span><\/div>\n<div><span style=\"font-size: medium\">\u00a0<\/span><\/div>\n<div><span style=\"font-size: medium\">Rebatendo a defesa do r\u00e9u, vinculado a empresas como a Masan Servi\u00e7os Especializados e Comercial Milano Brasil, o MPF defendeu a necessidade da decreta\u00e7\u00e3o de nova ordem de pris\u00e3o para interromper de vez a pr\u00e1tica dos crimes de lavagem de dinheiro em curso e desmantelar a organiza\u00e7\u00e3o criminosa. Em paralelo, foram acrescentados \u00e0 den\u00fancia da Opera\u00e7\u00e3o Ratatouille novos fatos que corroboram delitos de lavagem de capitais obtidos a partir do fornecimento de merenda escolar e alimenta\u00e7\u00e3o em troca de vantagens indevidas para a organiza\u00e7\u00e3o do ex-governador S\u00e9rgio Cabral.<\/span><\/div>\n<div><span style=\"font-size: medium\">\u00a0<\/span><\/div>\n<div><span style=\"font-size: medium\">\u201cO r\u00e9u recebe dividendos das empresas Masan e Comercial Milano, mesmo n\u00e3o compondo formalmente o respectivo quadro societ\u00e1rio. Desta forma, al\u00e9m de simular seu afastamento da gest\u00e3o das empresas, ele oculta o recebimento de valores, fato suficiente para caracterizar a pr\u00e1tica de crime de lavagem de capitais\u201d, afirmam os procuradores regionais M\u00f4nica de R\u00e9, Silvana Batini, Carlos Aguiar, Andr\u00e9a Bay\u00e3o e Neide Cardoso em parecer que rebate a alega\u00e7\u00e3o de ilegalidade da pris\u00e3o preventiva. \u201cTamb\u00e9m se apurou que Marco Antonio de Luca passou a transferir bens para seus filhos e esposa, como um im\u00f3vel em Mangaratiba.\u201d<\/span><\/div>\n<div><span style=\"font-size: medium\">\u00a0<\/span><\/div>\n<div><span style=\"font-size: medium\">HC n\u00ba <span id=\"OBJ_PREFIX_DWT1402_com_zimbra_phone\" class=\"Object\"><a href=\"2017.00.00.008391-7\">2017.00.00.008391-7<\/a><\/span><\/span><\/div>\n<div><span style=\"font-size: medium\">\u00a0<\/span><\/div>\n<div><span style=\"font-size: medium\"><strong>Opera\u00e7\u00e3o Ponto Final \u2013<\/strong> Na sess\u00e3o desta <span id=\"OBJ_PREFIX_DWT1403_com_zimbra_date\" class=\"Object\"><span id=\"OBJ_PREFIX_DWT1405_com_zimbra_date\" class=\"Object\">quarta<\/span><\/span>-feira (23\/8), a 1a Turma do TRF2 julgou habeas corpus em nome de dois r\u00e9us da Opera\u00e7\u00e3o Ponto Final: Marcio Miranda e David Augusto Sampaio, funcion\u00e1rios das transportadoras de valores Prosegur e TransExpert. Por maioria (dois votos a um), a Turma acolheu em parte os pedidos das defesas e concedeu as medidas alternativas \u00e0 pris\u00e3o fixadas pelo ministro Gilmar Mendes em Hcs de outros r\u00e9us da opera\u00e7\u00e3o. Miranda e Sampaio n\u00e3o poder\u00e3o manter contato com os outros investigados nem deixar o pa\u00eds e <span id=\"OBJ_PREFIX_DWT1404_com_zimbra_date\" class=\"Object\"><span id=\"OBJ_PREFIX_DWT1406_com_zimbra_date\" class=\"Object\">ter<\/span><\/span>\u00e3o de se recolher \u00e0 noite e em finais de semana.<br \/>\n<\/span><\/div>\n","protected":false},"excerpt":{"rendered":"<p>Tribunal confirma pris\u00e3o de Marco Antonio de Luca por unanimidade. Novos fatos corroboram delitos de lavagem de capitais a partir do fornecimento de merenda escolar e alimenta\u00e7\u00e3o em troca de vantagens indevidas para a organiza\u00e7\u00e3o do ex-governador S\u00e9rgio Cabral. Acolhendo manifesta\u00e7\u00e3o do Minist\u00e9rio P\u00fablico Federal (MPF), o Tribunal Regional Federal da 2a Regi\u00e3o (TRF2) manteve a pris\u00e3o do empres\u00e1rio Marco [&hellip;]<\/p>\n","protected":false},"author":27,"featured_media":0,"comment_status":"open","ping_status":"closed","sticky":false,"template":"","format":"standard","meta":{"footnotes":""},"categories":[2719],"tags":[1978,479,3331,6274,1642,3458,374,4018,8228,2533,5364,8417,453,8416,2637,1038,1235,7672,7580,2440,2923],"class_list":["post-6480","post","type-post","status-publish","format-standard","hentry","category-servidor","tag-acusado","tag-alimentacao","tag-capitais","tag-condutas","tag-crimes","tag-criminosa","tag-dinheiro","tag-escolar","tag-gravidade","tag-lavagem","tag-liberacao","tag-merenda","tag-mpf","tag-operacao-ratatouille","tag-organizacao","tag-prisao","tag-procuradores","tag-sergio-cabral","tag-trf2","tag-unanimidade","tag-vantagens"],"_links":{"self":[{"href":"https:\/\/blogs.correiobraziliense.com.br\/servidor\/wp-json\/wp\/v2\/posts\/6480","targetHints":{"allow":["GET"]}}],"collection":[{"href":"https:\/\/blogs.correiobraziliense.com.br\/servidor\/wp-json\/wp\/v2\/posts"}],"about":[{"href":"https:\/\/blogs.correiobraziliense.com.br\/servidor\/wp-json\/wp\/v2\/types\/post"}],"author":[{"embeddable":true,"href":"https:\/\/blogs.correiobraziliense.com.br\/servidor\/wp-json\/wp\/v2\/users\/27"}],"replies":[{"embeddable":true,"href":"https:\/\/blogs.correiobraziliense.com.br\/servidor\/wp-json\/wp\/v2\/comments?post=6480"}],"version-history":[{"count":1,"href":"https:\/\/blogs.correiobraziliense.com.br\/servidor\/wp-json\/wp\/v2\/posts\/6480\/revisions"}],"predecessor-version":[{"id":6481,"href":"https:\/\/blogs.correiobraziliense.com.br\/servidor\/wp-json\/wp\/v2\/posts\/6480\/revisions\/6481"}],"wp:attachment":[{"href":"https:\/\/blogs.correiobraziliense.com.br\/servidor\/wp-json\/wp\/v2\/media?parent=6480"}],"wp:term":[{"taxonomy":"category","embeddable":true,"href":"https:\/\/blogs.correiobraziliense.com.br\/servidor\/wp-json\/wp\/v2\/categories?post=6480"},{"taxonomy":"post_tag","embeddable":true,"href":"https:\/\/blogs.correiobraziliense.com.br\/servidor\/wp-json\/wp\/v2\/tags?post=6480"}],"curies":[{"name":"wp","href":"https:\/\/api.w.org\/{rel}","templated":true}]}}