{"id":6455,"date":"2017-08-22T16:58:58","date_gmt":"2017-08-22T19:58:58","guid":{"rendered":"https:\/\/blogs.correiobraziliense.com.br\/servidor\/?p=6455"},"modified":"2017-08-22T16:58:58","modified_gmt":"2017-08-22T19:58:58","slug":"nomeado-novo-conselheiro-para-segunda-vaga-da-oab-no-cnj","status":"publish","type":"post","link":"https:\/\/blogs.correiobraziliense.com.br\/servidor\/nomeado-novo-conselheiro-para-segunda-vaga-da-oab-no-cnj\/","title":{"rendered":"Nomeado novo conselheiro para a segunda vaga da OAB no CNJ"},"content":{"rendered":"<p>Foi publicada no Di\u00e1rio Oficial da Uni\u00e3o (DOU), hoje (22\/8), a nomea\u00e7\u00e3o de Valdet\u00e1rio Andrade Monteiro como\u00a0membro do Conselho Nacional de Justi\u00e7a (CNJ). Andrade Monteiro ir\u00e1 ocupar vaga reservada a indica\u00e7\u00e3o da Ordem dos Advogados do Brasil (OAB) em substitui\u00e7\u00e3o ao conselheiro Norberto Campelo, cujo mandado termina em setembro.<\/p>\n<p>Monteiro foi aprovado em sabatina do Senado Federal, em 17 maio, como prev\u00ea a Constitui\u00e7\u00e3o. Com a nomea\u00e7\u00e3o, ficam definidas as duas cadeiras da OAB para o bi\u00eanio 2017\/2019. Tamb\u00e9m indicado pela ordem, o advogado Andr\u00e9 Godinho foi nomeado no \u00faltimo dia 7 para a vaga deixada pelo conselheiro Luiz Allemand.<\/p>\n<p>Chega, assim, a cinco o total de conselheiros nomeados neste m\u00eas. Na \u00faltima sexta-feira (18), o DOU publicou a nomea\u00e7\u00e3o de Aloysio Corr\u00eaa da Veiga e a recondu\u00e7\u00e3o dos conselheiros Fernando Mattos e Daldice Santana. Ministro do Tribunal Superior do Trabalho (TST), Corr\u00eaa foi indicado pela corte. Mattos \u00e9 juiz federal da 2\u00aa Regi\u00e3o (RJ e ES) e Daldice, desembargadora federal da 3\u00aa Regi\u00e3o (SP e MS) \u2014 ambos indicados pelo Superior Tribunal de Justi\u00e7a (STJ). A ministra C\u00e1rmen L\u00facia, presidente do CNJ, marcar\u00e1 as datas de posse.<\/p>\n<p><a href=\"http:\/\/www.cnj.jus.br\/noticias\/cnj\/85227-cnj-servico-saiba-como-sao-nomeados-os-conselheiros-do-cnj\" target=\"_blank\" rel=\"noopener\">O CNJ tem 15 conselheiros<\/a>. Nove s\u00e3o do Poder Judici\u00e1rio, indicados pelo Supremo Tribunal Federal (STF), Superior Tribunal de Justi\u00e7a (STJ) e Tribunal Superior do Trabalho (TST). Outros seis s\u00e3o advogados, procuradores e pessoas de not\u00f3rio saber jur\u00eddico, indicados pela OAB, Procuradoria Geral da Rep\u00fablica (PGR), Senado e C\u00e2mara dos Deputados.<\/p>\n","protected":false},"excerpt":{"rendered":"<p>Foi publicada no Di\u00e1rio Oficial da Uni\u00e3o (DOU), hoje (22\/8), a nomea\u00e7\u00e3o de Valdet\u00e1rio Andrade Monteiro como\u00a0membro do Conselho Nacional de Justi\u00e7a (CNJ). Andrade Monteiro ir\u00e1 ocupar vaga reservada a indica\u00e7\u00e3o da Ordem dos Advogados do Brasil (OAB) em substitui\u00e7\u00e3o ao conselheiro Norberto Campelo, cujo mandado termina em setembro. Monteiro foi aprovado em sabatina do Senado Federal, em 17 maio, [&hellip;]<\/p>\n","protected":false},"author":27,"featured_media":0,"comment_status":"open","ping_status":"closed","sticky":false,"template":"","format":"standard","meta":{"footnotes":""},"categories":[2719],"tags":[61,254,2712,2584,1769,64,5315,2706,378,548,8386,8387,696,34,1040,503,421],"class_list":["post-6455","post","type-post","status-publish","format-standard","hentry","category-servidor","tag-camara","tag-cnj","tag-conselheiro","tag-constituicao","tag-dou","tag-judiciario","tag-juridico","tag-nomeado","tag-oab","tag-pgr","tag-sabatina","tag-saber","tag-senado","tag-stf","tag-stj","tag-tst","tag-vaga"],"_links":{"self":[{"href":"https:\/\/blogs.correiobraziliense.com.br\/servidor\/wp-json\/wp\/v2\/posts\/6455","targetHints":{"allow":["GET"]}}],"collection":[{"href":"https:\/\/blogs.correiobraziliense.com.br\/servidor\/wp-json\/wp\/v2\/posts"}],"about":[{"href":"https:\/\/blogs.correiobraziliense.com.br\/servidor\/wp-json\/wp\/v2\/types\/post"}],"author":[{"embeddable":true,"href":"https:\/\/blogs.correiobraziliense.com.br\/servidor\/wp-json\/wp\/v2\/users\/27"}],"replies":[{"embeddable":true,"href":"https:\/\/blogs.correiobraziliense.com.br\/servidor\/wp-json\/wp\/v2\/comments?post=6455"}],"version-history":[{"count":1,"href":"https:\/\/blogs.correiobraziliense.com.br\/servidor\/wp-json\/wp\/v2\/posts\/6455\/revisions"}],"predecessor-version":[{"id":6456,"href":"https:\/\/blogs.correiobraziliense.com.br\/servidor\/wp-json\/wp\/v2\/posts\/6455\/revisions\/6456"}],"wp:attachment":[{"href":"https:\/\/blogs.correiobraziliense.com.br\/servidor\/wp-json\/wp\/v2\/media?parent=6455"}],"wp:term":[{"taxonomy":"category","embeddable":true,"href":"https:\/\/blogs.correiobraziliense.com.br\/servidor\/wp-json\/wp\/v2\/categories?post=6455"},{"taxonomy":"post_tag","embeddable":true,"href":"https:\/\/blogs.correiobraziliense.com.br\/servidor\/wp-json\/wp\/v2\/tags?post=6455"}],"curies":[{"name":"wp","href":"https:\/\/api.w.org\/{rel}","templated":true}]}}