{"id":6449,"date":"2017-08-22T11:24:29","date_gmt":"2017-08-22T14:24:29","guid":{"rendered":"https:\/\/blogs.correiobraziliense.com.br\/servidor\/?p=6449"},"modified":"2017-08-22T11:24:29","modified_gmt":"2017-08-22T14:24:29","slug":"trabalhadores-e-empresarios-discutem-hoje-agenda-de-retomada-da-economia-e-geracao-de-emprego","status":"publish","type":"post","link":"https:\/\/blogs.correiobraziliense.com.br\/servidor\/trabalhadores-e-empresarios-discutem-hoje-agenda-de-retomada-da-economia-e-geracao-de-emprego\/","title":{"rendered":"Trabalhadores e empres\u00e1rios discutem, hoje, agenda de retomada da economia e gera\u00e7\u00e3o de emprego"},"content":{"rendered":"<p><i><b>Reuni\u00e3o ser\u00e1 na sede da Fiesp &#8211; Federa\u00e7\u00e3o das Ind\u00fastrias do Estado de S\u00e3o Paulo<\/b><\/i><\/p>\n<p>A For\u00e7a Sindical informou, por meio de nota, que representantes das centrais sindicais e dos empres\u00e1rios v\u00e3o se reunir nesta <span id=\"OBJ_PREFIX_DWT698_com_zimbra_date\" class=\"Object\"><span id=\"OBJ_PREFIX_DWT707_com_zimbra_date\" class=\"Object\">ter<\/span><\/span>\u00e7a-feira, dia 22, a partir das 13 horas, na sede da Federa\u00e7\u00e3o das Ind\u00fastrias do Estado de S\u00e3o Paulo (Fiesp).<\/p>\n<p>Na\u00a0reuni\u00e3o ser\u00e3o discutidas sa\u00eddas para a retomada da economia e a gera\u00e7\u00e3o de empregos durante a pior crise econ\u00f4mica da hist\u00f3ria do Brasil.<\/p>\n<p>AGENDA:<\/p>\n<p><b><i>Reuni\u00e3o entre trabalhadores e empres\u00e1rios na sede da Fiesp<\/i><\/p>\n<p>Data: <\/b><span id=\"OBJ_PREFIX_DWT699_com_zimbra_date\" class=\"Object\"><span id=\"OBJ_PREFIX_DWT708_com_zimbra_date\" class=\"Object\">22 de agosto<\/span><\/span><br \/>\n<b>Hor\u00e1rio: <\/b>13 horas<br \/>\n<b>Local: <\/b>Fiesp<br \/>\n<b>Endere\u00e7o: <\/b>Avenida Paulista, 1313<\/p>\n","protected":false},"excerpt":{"rendered":"<p>Reuni\u00e3o ser\u00e1 na sede da Fiesp &#8211; Federa\u00e7\u00e3o das Ind\u00fastrias do Estado de S\u00e3o Paulo A For\u00e7a Sindical informou, por meio de nota, que representantes das centrais sindicais e dos empres\u00e1rios v\u00e3o se reunir nesta ter\u00e7a-feira, dia 22, a partir das 13 horas, na sede da Federa\u00e7\u00e3o das Ind\u00fastrias do Estado de S\u00e3o Paulo (Fiesp). Na\u00a0reuni\u00e3o ser\u00e3o discutidas sa\u00eddas para [&hellip;]<\/p>\n","protected":false},"author":27,"featured_media":0,"comment_status":"open","ping_status":"closed","sticky":false,"template":"","format":"standard","meta":{"footnotes":""},"categories":[2719],"tags":[1527,193,88,197,4177,3334,870,631,716,19],"class_list":["post-6449","post","type-post","status-publish","format-standard","hentry","category-servidor","tag-agenda","tag-discute","tag-economia","tag-emprego","tag-empresarios","tag-fiesp","tag-forca-sindical","tag-geracao","tag-retomada","tag-trabalhadores"],"_links":{"self":[{"href":"https:\/\/blogs.correiobraziliense.com.br\/servidor\/wp-json\/wp\/v2\/posts\/6449","targetHints":{"allow":["GET"]}}],"collection":[{"href":"https:\/\/blogs.correiobraziliense.com.br\/servidor\/wp-json\/wp\/v2\/posts"}],"about":[{"href":"https:\/\/blogs.correiobraziliense.com.br\/servidor\/wp-json\/wp\/v2\/types\/post"}],"author":[{"embeddable":true,"href":"https:\/\/blogs.correiobraziliense.com.br\/servidor\/wp-json\/wp\/v2\/users\/27"}],"replies":[{"embeddable":true,"href":"https:\/\/blogs.correiobraziliense.com.br\/servidor\/wp-json\/wp\/v2\/comments?post=6449"}],"version-history":[{"count":1,"href":"https:\/\/blogs.correiobraziliense.com.br\/servidor\/wp-json\/wp\/v2\/posts\/6449\/revisions"}],"predecessor-version":[{"id":6450,"href":"https:\/\/blogs.correiobraziliense.com.br\/servidor\/wp-json\/wp\/v2\/posts\/6449\/revisions\/6450"}],"wp:attachment":[{"href":"https:\/\/blogs.correiobraziliense.com.br\/servidor\/wp-json\/wp\/v2\/media?parent=6449"}],"wp:term":[{"taxonomy":"category","embeddable":true,"href":"https:\/\/blogs.correiobraziliense.com.br\/servidor\/wp-json\/wp\/v2\/categories?post=6449"},{"taxonomy":"post_tag","embeddable":true,"href":"https:\/\/blogs.correiobraziliense.com.br\/servidor\/wp-json\/wp\/v2\/tags?post=6449"}],"curies":[{"name":"wp","href":"https:\/\/api.w.org\/{rel}","templated":true}]}}